{"id":87915,"date":"2025-12-12T11:19:00","date_gmt":"2025-12-12T17:19:00","guid":{"rendered":"https:\/\/zonaroja.com.mx\/?p=87915"},"modified":"2025-12-12T07:20:02","modified_gmt":"2025-12-12T13:20:02","slug":"culpa-eu-a-carteles-de-sinaloa-y-jalisco-de-provocar-caos-en-su-pais","status":"publish","type":"post","link":"https:\/\/zonaroja.com.mx\/?p=87915","title":{"rendered":"Culpa EU a c\u00e1rteles de Sinaloa y Jalisco de provocar caos en su pa\u00eds"},"content":{"rendered":"\n<p>Redacci\u00f3n\/Zona Roja Cdmx.<\/p>\n\n\n\n<p>(Informaci\u00f3n de Infobae M\u00e9xico)<\/p>\n\n\n\n<p>Ciudad de M\u00e9xico, a 12 de diciembre de 2025.- Kristi Noem, titular del Departamento de Seguridad Nacional de los Estados Unidos (DHS, por sus siglas en ingl\u00e9s), acus\u00f3 al C\u00e1rtel de Sinaloa y al C\u00e1rtel Jalisco Nueva Generaci\u00f3n (CJNG) de provocar caos en su pa\u00eds.<\/p>\n\n\n\n<p>Esta declaraci\u00f3n la realiz\u00f3 durante una audiencia ante el Comit\u00e9 de Seguridad Interna de la C\u00e1mara de Representantes de EEUU, ubicada en Washington, donde se\u00f1al\u00f3 a ambos c\u00e1rteles mexicanos de perjudicar sus intereses.<\/p>\n\n\n\n<p>\u201cGrupos de crimen organizado transnacional, incluidos el C\u00e1rtel de Sinaloa de M\u00e9xico, Jalisco Nueva Generaci\u00f3n y otros c\u00e1rteles de la droga, causan caos y perjudican los intereses estadounidenses\u201d, asegur\u00f3 la funcionaria, quien fue interrumpida en varias ocasiones.<\/p>\n\n\n\n<p>Durante la comparecencia, Noem tambi\u00e9n se pronunci\u00f3 sobre el ingreso de inmigrantes ilegales a los Estados Unidos y los acus\u00f3 de cometer cr\u00edmenes en contra de ni\u00f1os y familias.<\/p>\n\n\n\n<p>La funcionaria tambi\u00e9n asegur\u00f3 que el pa\u00eds enfrenta un \u201cpanorama peligroso\u201d debido al impacto de ciberataques de personas malintencionadas que buscan desestabilizarlos.<\/p>\n\n\n\n<p>Estos dos c\u00e1rteles fueron designados como Organizaciones Terroristas Extranjeras (FTO, por sus siglas en ingl\u00e9s) por el gobierno del presidente Donald Trump en febrero pasado.<\/p>\n\n\n\n<p>La medida tambi\u00e9n se realiz\u00f3 con otros grupos criminales:<\/p>\n\n\n\n<p>C\u00e1rteles Unidos<\/p>\n\n\n\n<p>C\u00e1rtel del Golfo<\/p>\n\n\n\n<p>C\u00e1rtel del Noreste<\/p>\n\n\n\n<p>La Nueva Familia Michoacana<\/p>\n\n\n\n<p>Una de las implicaciones de esta designaci\u00f3n es que los grupos y personas vinculadas con ellos quedar\u00e1n aislados del sistema financiero estadounidense, lo que bloquea su acceso a recursos.<\/p>\n\n\n\n<p>Las declaraciones de Kristi Noem se realizan dos d\u00edas despu\u00e9s de que el presidente Donald Trump asegur\u00f3 que podr\u00eda llevar a cabo operaciones militares en otros pa\u00edses como M\u00e9xico para combatir al narcotr\u00e1fico.<\/p>\n\n\n\n<p>Durante una entrevista con la periodista Dasha Burns para Politico, Trump fue cuestionado sobre si realizar\u00eda ataques similares a los efectuados contra presuntas narcolanchas, pero dirigidos a M\u00e9xico y Colombia.<\/p>\n\n\n\n<p>-\u201c\u00bfConsiderar\u00eda hacer algo similar con M\u00e9xico y Colombia, que son a\u00fan m\u00e1s responsables del fentanilo que ingresa a los Estados Unidos?\u201c, pregunt\u00f3 la periodista.<\/p>\n\n\n\n<p>-\u201cS\u00ed, claro que s\u00ed\u201d, respondi\u00f3 el mandatario estadounidense.<\/p>\n","protected":false},"excerpt":{"rendered":"<p>Redacci\u00f3n\/Zona Roja Cdmx. (Informaci\u00f3n de Infobae M\u00e9xico) Ciudad de M\u00e9xico, a 12 de diciembre de&hellip;<\/p>\n","protected":false},"author":2,"featured_media":83487,"comment_status":"closed","ping_status":"open","sticky":false,"template":"","format":"standard","meta":{"_lmt_disableupdate":"","_lmt_disable":"","_jetpack_memberships_contains_paid_content":false,"footnotes":""},"categories":[109,47],"tags":[],"class_list":["post-87915","post","type-post","status-publish","format-standard","has-post-thumbnail","hentry","category-minuto-a-minuto","category-zona-gris"],"jetpack_featured_media_url":"https:\/\/zonaroja.com.mx\/wp-content\/uploads\/2025\/08\/Crimen-organizado-narcos.jpg","jetpack_sharing_enabled":true,"_links":{"self":[{"href":"https:\/\/zonaroja.com.mx\/index.php?rest_route=\/wp\/v2\/posts\/87915","targetHints":{"allow":["GET"]}}],"collection":[{"href":"https:\/\/zonaroja.com.mx\/index.php?rest_route=\/wp\/v2\/posts"}],"about":[{"href":"https:\/\/zonaroja.com.mx\/index.php?rest_route=\/wp\/v2\/types\/post"}],"author":[{"embeddable":true,"href":"https:\/\/zonaroja.com.mx\/index.php?rest_route=\/wp\/v2\/users\/2"}],"replies":[{"embeddable":true,"href":"https:\/\/zonaroja.com.mx\/index.php?rest_route=%2Fwp%2Fv2%2Fcomments&post=87915"}],"version-history":[{"count":1,"href":"https:\/\/zonaroja.com.mx\/index.php?rest_route=\/wp\/v2\/posts\/87915\/revisions"}],"predecessor-version":[{"id":87916,"href":"https:\/\/zonaroja.com.mx\/index.php?rest_route=\/wp\/v2\/posts\/87915\/revisions\/87916"}],"wp:featuredmedia":[{"embeddable":true,"href":"https:\/\/zonaroja.com.mx\/index.php?rest_route=\/wp\/v2\/media\/83487"}],"wp:attachment":[{"href":"https:\/\/zonaroja.com.mx\/index.php?rest_route=%2Fwp%2Fv2%2Fmedia&parent=87915"}],"wp:term":[{"taxonomy":"category","embeddable":true,"href":"https:\/\/zonaroja.com.mx\/index.php?rest_route=%2Fwp%2Fv2%2Fcategories&post=87915"},{"taxonomy":"post_tag","embeddable":true,"href":"https:\/\/zonaroja.com.mx\/index.php?rest_route=%2Fwp%2Fv2%2Ftags&post=87915"}],"curies":[{"name":"wp","href":"https:\/\/api.w.org\/{rel}","templated":true}]}}