{"id":87922,"date":"2025-12-12T12:15:00","date_gmt":"2025-12-12T18:15:00","guid":{"rendered":"https:\/\/zonaroja.com.mx\/?p=87922"},"modified":"2025-12-12T08:42:25","modified_gmt":"2025-12-12T14:42:25","slug":"deudores-alimentarios-solo-tendran-60-dias-para-pagar-o-perderan-patria-potestad","status":"publish","type":"post","link":"https:\/\/zonaroja.com.mx\/?p=87922","title":{"rendered":"Deudores alimentarios s\u00f3lo tendr\u00e1n 60 d\u00edas para pagar o perder\u00e1n patria potestad\u00a0"},"content":{"rendered":"\n<p>Redacci\u00f3n\/Zona Roja.<\/p>\n\n\n\n<p>Oaxaca, Oax., a 12 de diciembre de 2025.- Con el objetivo de fortalecer la protecci\u00f3n y garantizar el inter\u00e9s superior de la ni\u00f1ez y la adolescencia en la entidad, el Congreso del Estado aprob\u00f3 la reforma al C\u00f3digo Familiar, a fin de reducir a 60 d\u00edas el plazo para que el deudor alimentario pierda la patria potestad por incumplimiento de la obligaci\u00f3n alimentaria.<\/p>\n\n\n\n<p>La iniciativa fue presentada por las integrantes del Grupo Parlamentario del Partido Verde Ecologista de M\u00e9xico (PVEM), Elvia Gabriela P\u00e9rez L\u00f3pez, Eva Diego Cruz y Melina Hern\u00e1ndez Sosa, quienes consideraron que el plazo actual era excesivamente prolongado y que la reducci\u00f3n de d\u00edas es una medida esencial para privilegiar las garant\u00edas de las Ni\u00f1as, Ni\u00f1os y Adolescentes (NNA), evitando dejarlos en un estado de necesidad prolongada.<\/p>\n\n\n\n<p>Se\u00f1alaron que la patria potestad no se configura como un derecho de padres y madres, sino como una funci\u00f3n encomendada en beneficio de las y los hijos para su protecci\u00f3n, educaci\u00f3n y formaci\u00f3n integral.&nbsp;<\/p>\n\n\n\n<p>La p\u00e9rdida de la misma, por lo tanto, es una medida de protecci\u00f3n para los menores ante el incumplimiento grave de los deberes parentales, como la obligaci\u00f3n alimentaria.<\/p>\n\n\n\n<p>La Comisi\u00f3n Permanente de Administraci\u00f3n y Procuraci\u00f3n de Justicia indic\u00f3 en su dictamen que esta reforma permite que la autoridad intervenga con mayor prontitud en casos de incumplimiento, combatiendo la irresponsabilidad alimentaria y privilegiando siempre el bienestar de las infancias y adolescencias en el estado.<\/p>\n\n\n\n<p>Adem\u00e1s, se alinea con disposiciones nacionales e internacionales, como la Constituci\u00f3n Pol\u00edtica de M\u00e9xico y la Convenci\u00f3n sobre los Derechos del Ni\u00f1o, donde se establece que el Estado debe asegurar que todas las necesidades de alimentaci\u00f3n, salud, educaci\u00f3n y cuidado de NNA sean satisfechas de manera adecuada y oportuna.<\/p>\n\n\n\n<p>La reforma a la Fracci\u00f3n IV del Art\u00edculo 298 del C\u00f3digo Familiar del Estado fue aprobada con 29 votos en Sesi\u00f3n Ordinaria.<\/p>\n","protected":false},"excerpt":{"rendered":"<p>Redacci\u00f3n\/Zona Roja. Oaxaca, Oax., a 12 de diciembre de 2025.- Con el objetivo de fortalecer&hellip;<\/p>\n","protected":false},"author":2,"featured_media":78343,"comment_status":"closed","ping_status":"open","sticky":false,"template":"","format":"standard","meta":{"_lmt_disableupdate":"","_lmt_disable":"","_jetpack_memberships_contains_paid_content":false,"footnotes":""},"categories":[109,46],"tags":[303],"class_list":["post-87922","post","type-post","status-publish","format-standard","has-post-thumbnail","hentry","category-minuto-a-minuto","category-zona-blanca","tag-congreso-del-estado-de-oaxaca"],"jetpack_featured_media_url":"https:\/\/zonaroja.com.mx\/wp-content\/uploads\/2025\/03\/Deudores-alimentarios-pension-.jpg","jetpack_sharing_enabled":true,"_links":{"self":[{"href":"https:\/\/zonaroja.com.mx\/index.php?rest_route=\/wp\/v2\/posts\/87922","targetHints":{"allow":["GET"]}}],"collection":[{"href":"https:\/\/zonaroja.com.mx\/index.php?rest_route=\/wp\/v2\/posts"}],"about":[{"href":"https:\/\/zonaroja.com.mx\/index.php?rest_route=\/wp\/v2\/types\/post"}],"author":[{"embeddable":true,"href":"https:\/\/zonaroja.com.mx\/index.php?rest_route=\/wp\/v2\/users\/2"}],"replies":[{"embeddable":true,"href":"https:\/\/zonaroja.com.mx\/index.php?rest_route=%2Fwp%2Fv2%2Fcomments&post=87922"}],"version-history":[{"count":1,"href":"https:\/\/zonaroja.com.mx\/index.php?rest_route=\/wp\/v2\/posts\/87922\/revisions"}],"predecessor-version":[{"id":87923,"href":"https:\/\/zonaroja.com.mx\/index.php?rest_route=\/wp\/v2\/posts\/87922\/revisions\/87923"}],"wp:featuredmedia":[{"embeddable":true,"href":"https:\/\/zonaroja.com.mx\/index.php?rest_route=\/wp\/v2\/media\/78343"}],"wp:attachment":[{"href":"https:\/\/zonaroja.com.mx\/index.php?rest_route=%2Fwp%2Fv2%2Fmedia&parent=87922"}],"wp:term":[{"taxonomy":"category","embeddable":true,"href":"https:\/\/zonaroja.com.mx\/index.php?rest_route=%2Fwp%2Fv2%2Fcategories&post=87922"},{"taxonomy":"post_tag","embeddable":true,"href":"https:\/\/zonaroja.com.mx\/index.php?rest_route=%2Fwp%2Fv2%2Ftags&post=87922"}],"curies":[{"name":"wp","href":"https:\/\/api.w.org\/{rel}","templated":true}]}}