{"id":87924,"date":"2025-12-12T12:55:00","date_gmt":"2025-12-12T18:55:00","guid":{"rendered":"https:\/\/zonaroja.com.mx\/?p=87924"},"modified":"2025-12-12T07:59:44","modified_gmt":"2025-12-12T13:59:44","slug":"reporteros-sin-fronteras-mexico-segundo-peor-pais-para-periodistas","status":"publish","type":"post","link":"https:\/\/zonaroja.com.mx\/?p=87924","title":{"rendered":"Reporteros Sin Fronteras: M\u00e9xico, segundo peor pa\u00eds para periodistas"},"content":{"rendered":"\n<p>Redacci\u00f3n\/Zona Roja Cdmx.<\/p>\n\n\n\n<p>(Informaci\u00f3n de \u201cExc\u00e9lsior\u201d)<\/p>\n\n\n\n<p>Ciudad de M\u00e9xico, a 12 de diciembre de 2025.- M\u00e9xico cerrar\u00e1 2025 como el segundo pa\u00eds m\u00e1s peligroso para ejercer el periodismo, s\u00f3lo detr\u00e1s de Gaza, seg\u00fan el balance anual de Reporteros Sin Fronteras (RSF).<\/p>\n\n\n\n<p>La organizaci\u00f3n atribuye este deterioro a la expansi\u00f3n del crimen organizado y a la ineficacia del Estado para garantizar la seguridad de quienes informan.<\/p>\n\n\n\n<p>\u201cVer de nuevo esta ubicaci\u00f3n de M\u00e9xico como uno de los pa\u00edses m\u00e1s peligrosos para ejercer el periodismo nos indica que las garant\u00edas no est\u00e1n funcionando, la protecci\u00f3n, las investigaciones y otras acciones de pol\u00edtica p\u00fablica\u201d, advirti\u00f3 Balbina Flores, representante de Reporteros Sin Fronteras en M\u00e9xico, en entrevista.<\/p>\n\n\n\n<p>La impunidad sigue siendo el n\u00facleo del problema; el documento de Reporteros sin Fronteras se\u00f1ala que m\u00e1s de 90% de los asesinatos de periodistas y la totalidad de las desapariciones permanecen sin resolver. Para Flores, esta inacci\u00f3n estatal alimenta un ciclo de violencia cada vez m\u00e1s letal. \u201cLa impunidad es uno de los problemas m\u00e1s graves, presente en m\u00e1s del 90% en los asesinatos de periodistas y en el 100% de las desapariciones. Estos datos hacen que prevalezca una situaci\u00f3n grave para las y los periodistas en M\u00e9xico\u201d, alert\u00f3.<\/p>\n\n\n\n<p>Ante ello, Flores insisti\u00f3 en que el Estado mexicano debe revisar a fondo sus pol\u00edticas de investigaci\u00f3n y protecci\u00f3n. Ante lo cual, record\u00f3 que en 2024 la presidenta Claudia Sheinbaum firm\u00f3 compromisos con la organizaci\u00f3n, incluyendo el combate a la impunidad: \u201cEl Legislativo tendr\u00e1 que hacer una revisi\u00f3n profunda del mecanismo de protecci\u00f3n y las fiscal\u00edas deben priorizar las investigaciones\u201d, explic\u00f3.<\/p>\n\n\n\n<p>NARRATIVA CONTRIBUYE<\/p>\n\n\n\n<p>Adem\u00e1s de la falta de resultados institucionales, Flores subray\u00f3 que la narrativa oficial contra la prensa tambi\u00e9n contribuye al riesgo, como ocurre con la estigmatizaci\u00f3n, dijo, abre la puerta a agresiones que pueden escalar hasta el asesinato.<\/p>\n\n\n\n<p>\u201cEl odio y la impunidad hacen de 2025 uno de los a\u00f1os m\u00e1s mort\u00edferos, muchos periodistas han sido asesinados por informar\u201d, adem\u00e1s de ser \u201camenazados o denostados, lo cual desvaloriza cada vez m\u00e1s la labor period\u00edstica\u201d, a\u00f1adi\u00f3 que incluso las autoridades los criminaliza antes que investigar las causas de su asesinato.<\/p>\n\n\n\n<p>El mecanismo federal de protecci\u00f3n, creado hace m\u00e1s de una d\u00e9cada, tampoco est\u00e1 respondiendo a la magnitud de la crisis. Aunque brinda resguardo a m\u00e1s de 600 periodistas, sus fallas estructurales se han vuelto evidentes: \u201cEs un organismo con recursos y personal limitado, s\u00ed funciona, pero tiene much\u00edsimas deficiencias internas\u201d, lament\u00f3.<\/p>\n\n\n\n<p>ASESINADOS EN 2025<\/p>\n\n\n\n<p>Enero<br>Alejandro Gallegos<br>Director del peri\u00f3dico \u201cLa Voz del Pueblo\u201d, abogado y catedr\u00e1tico, cuyo cuerpo fue localizado en C\u00e1rdenas, Tabasco, a inicios del presente a\u00f1o.<\/p>\n\n\n\n<p>Marzo<br>Uriel Mart\u00ednez<br>Fundador y director del medio en l\u00ednea \u201cEl Silaoense Mx\u201d, asesinado en Silao, Guanajuato, el 2 de marzo. En 2021 ya hab\u00eda sido atacado a golpes.<\/p>\n\n\n\n<p>Mayo<br>Jos\u00e9 Carlos Gonz\u00e1lez<br>Periodista y administrador de la p\u00e1gina de Facebook de noticias locales \u201cEl Guerrero\u201d, fue asesinado por sujetos armados que lo interceptaron en Acapulco.<\/p>\n\n\n\n<p>Junio<br>Salom\u00f3n Ord\u00f3\u00f1ez Miranda<br>Periodista y fot\u00f3grafo independiente mexicano, conocido como Shalom, asesinado a balazos en Cuetzalan por sujetos armados mientras caminaba hacia su casa.<\/p>\n","protected":false},"excerpt":{"rendered":"<p>Redacci\u00f3n\/Zona Roja Cdmx. (Informaci\u00f3n de \u201cExc\u00e9lsior\u201d) Ciudad de M\u00e9xico, a 12 de diciembre de 2025.-&hellip;<\/p>\n","protected":false},"author":2,"featured_media":87925,"comment_status":"closed","ping_status":"open","sticky":false,"template":"","format":"standard","meta":{"_lmt_disableupdate":"","_lmt_disable":"","_jetpack_memberships_contains_paid_content":false,"footnotes":""},"categories":[109,47],"tags":[4420],"class_list":["post-87924","post","type-post","status-publish","format-standard","has-post-thumbnail","hentry","category-minuto-a-minuto","category-zona-gris","tag-periodismo-en-riesgo-mexico"],"jetpack_featured_media_url":"https:\/\/zonaroja.com.mx\/wp-content\/uploads\/2025\/12\/Prensa-periodistas-reporteros.jpg","jetpack_sharing_enabled":true,"_links":{"self":[{"href":"https:\/\/zonaroja.com.mx\/index.php?rest_route=\/wp\/v2\/posts\/87924","targetHints":{"allow":["GET"]}}],"collection":[{"href":"https:\/\/zonaroja.com.mx\/index.php?rest_route=\/wp\/v2\/posts"}],"about":[{"href":"https:\/\/zonaroja.com.mx\/index.php?rest_route=\/wp\/v2\/types\/post"}],"author":[{"embeddable":true,"href":"https:\/\/zonaroja.com.mx\/index.php?rest_route=\/wp\/v2\/users\/2"}],"replies":[{"embeddable":true,"href":"https:\/\/zonaroja.com.mx\/index.php?rest_route=%2Fwp%2Fv2%2Fcomments&post=87924"}],"version-history":[{"count":1,"href":"https:\/\/zonaroja.com.mx\/index.php?rest_route=\/wp\/v2\/posts\/87924\/revisions"}],"predecessor-version":[{"id":87926,"href":"https:\/\/zonaroja.com.mx\/index.php?rest_route=\/wp\/v2\/posts\/87924\/revisions\/87926"}],"wp:featuredmedia":[{"embeddable":true,"href":"https:\/\/zonaroja.com.mx\/index.php?rest_route=\/wp\/v2\/media\/87925"}],"wp:attachment":[{"href":"https:\/\/zonaroja.com.mx\/index.php?rest_route=%2Fwp%2Fv2%2Fmedia&parent=87924"}],"wp:term":[{"taxonomy":"category","embeddable":true,"href":"https:\/\/zonaroja.com.mx\/index.php?rest_route=%2Fwp%2Fv2%2Fcategories&post=87924"},{"taxonomy":"post_tag","embeddable":true,"href":"https:\/\/zonaroja.com.mx\/index.php?rest_route=%2Fwp%2Fv2%2Ftags&post=87924"}],"curies":[{"name":"wp","href":"https:\/\/api.w.org\/{rel}","templated":true}]}}