{"id":87932,"date":"2025-12-12T14:35:09","date_gmt":"2025-12-12T20:35:09","guid":{"rendered":"https:\/\/zonaroja.com.mx\/?p=87932"},"modified":"2025-12-12T14:35:09","modified_gmt":"2025-12-12T20:35:09","slug":"matan-a-un-individuo-en-ejutla-y-balean-a-otro-en-tehuantepec","status":"publish","type":"post","link":"https:\/\/zonaroja.com.mx\/?p=87932","title":{"rendered":"Matan a un individuo en Ejutla y balean a otro en Tehuantepec"},"content":{"rendered":"\n<p>Raymundo Morales\/Zona Roja.<\/p>\n\n\n\n<p>Oaxaca Oax., a 12 de diciembre de 2025.-Una persona del sexo masculino fue ejecutada a balazos este viernes en el municipio de San Miguel, Ejutla, en la regi\u00f3n Valles Centrales de Oaxaca.<\/p>\n\n\n\n<p>Los hechos ocurrieron esta ma\u00f1ana en la calle Hidalgo cerca del centro preescolar \u201cAdalberto Medina Canseco\u201d, en la cabecera municipal, donde sujetos armados dispararon contra un individuo que iba a abordar su veh\u00edculo marca Ford, tipo Territory.<\/p>\n\n\n\n<p>En el lugar qued\u00f3 el cuerpo de la v\u00edctima, identificada como Javier M. M., de aproximadamente 52 a\u00f1os de edad y de oficio carnicero.&nbsp;<\/p>\n\n\n\n<p>Personal policiaco arrib\u00f3 al lugar para custodiar la escena del crimen mientras la Fiscal\u00eda General del Estado inici\u00f3 las primeras indagatorias.<\/p>\n\n\n\n<p>Tambi\u00e9n por la ma\u00f1ana pero en el municipio de Santo Domingo Tehuantepec, un individuo fue atacado a balazos.&nbsp;<\/p>\n\n\n\n<p>El hecho sucedi\u00f3 en el exterior de una carnicer\u00eda en el fraccionamiento La Noria, tras lo cual la v\u00edctima fue trasladada por particulares a un hospital.&nbsp;<\/p>\n\n\n\n<p>Durante ese mismo suceso, durante la balacera una mujer cay\u00f3 de un barandal, por lo cual tambi\u00e9n fue trasladada para recibir atenci\u00f3n m\u00e9dica. Hasta el momento se desconocen las causas de la agresi\u00f3n y no hay personas detenidas.&nbsp;<\/p>\n","protected":false},"excerpt":{"rendered":"<p>Raymundo Morales\/Zona Roja. Oaxaca Oax., a 12 de diciembre de 2025.-Una persona del sexo masculino&hellip;<\/p>\n","protected":false},"author":2,"featured_media":87931,"comment_status":"closed","ping_status":"open","sticky":false,"template":"","format":"standard","meta":{"_lmt_disableupdate":"","_lmt_disable":"","_jetpack_memberships_contains_paid_content":false,"footnotes":""},"categories":[109,51],"tags":[],"class_list":["post-87932","post","type-post","status-publish","format-standard","has-post-thumbnail","hentry","category-minuto-a-minuto","category-zona-roja"],"jetpack_featured_media_url":"https:\/\/zonaroja.com.mx\/wp-content\/uploads\/2025\/12\/img_5447.jpg","jetpack_sharing_enabled":true,"_links":{"self":[{"href":"https:\/\/zonaroja.com.mx\/index.php?rest_route=\/wp\/v2\/posts\/87932","targetHints":{"allow":["GET"]}}],"collection":[{"href":"https:\/\/zonaroja.com.mx\/index.php?rest_route=\/wp\/v2\/posts"}],"about":[{"href":"https:\/\/zonaroja.com.mx\/index.php?rest_route=\/wp\/v2\/types\/post"}],"author":[{"embeddable":true,"href":"https:\/\/zonaroja.com.mx\/index.php?rest_route=\/wp\/v2\/users\/2"}],"replies":[{"embeddable":true,"href":"https:\/\/zonaroja.com.mx\/index.php?rest_route=%2Fwp%2Fv2%2Fcomments&post=87932"}],"version-history":[{"count":1,"href":"https:\/\/zonaroja.com.mx\/index.php?rest_route=\/wp\/v2\/posts\/87932\/revisions"}],"predecessor-version":[{"id":87933,"href":"https:\/\/zonaroja.com.mx\/index.php?rest_route=\/wp\/v2\/posts\/87932\/revisions\/87933"}],"wp:featuredmedia":[{"embeddable":true,"href":"https:\/\/zonaroja.com.mx\/index.php?rest_route=\/wp\/v2\/media\/87931"}],"wp:attachment":[{"href":"https:\/\/zonaroja.com.mx\/index.php?rest_route=%2Fwp%2Fv2%2Fmedia&parent=87932"}],"wp:term":[{"taxonomy":"category","embeddable":true,"href":"https:\/\/zonaroja.com.mx\/index.php?rest_route=%2Fwp%2Fv2%2Fcategories&post=87932"},{"taxonomy":"post_tag","embeddable":true,"href":"https:\/\/zonaroja.com.mx\/index.php?rest_route=%2Fwp%2Fv2%2Ftags&post=87932"}],"curies":[{"name":"wp","href":"https:\/\/api.w.org\/{rel}","templated":true}]}}