{"id":87934,"date":"2025-12-12T20:33:00","date_gmt":"2025-12-13T02:33:00","guid":{"rendered":"https:\/\/zonaroja.com.mx\/?p=87934"},"modified":"2025-12-12T19:39:46","modified_gmt":"2025-12-13T01:39:46","slug":"cubrebocas-otra-vez-llega-super-gripe-a-mexico-hay-primer-caso","status":"publish","type":"post","link":"https:\/\/zonaroja.com.mx\/?p=87934","title":{"rendered":"\u00bfCubrebocas otra vez? Llega \u201cs\u00faper gripe a M\u00e9xico; hay primer caso"},"content":{"rendered":"\n<p>Redacci\u00f3n\/Zona Roja Cdmx.<\/p>\n\n\n\n<p>(Informaci\u00f3n de N+)<\/p>\n\n\n\n<p>Ciudad de M\u00e9xico, a 12 de diciembre de 2025.- Esta tarde, la Secretar\u00eda de Salud inform\u00f3 que&nbsp;el Instituto Nacional de Enfermedades Respiratorias (INER) confirm\u00f3 el primer caso de influenza A H3N2 subclado K.&nbsp;<\/p>\n\n\n\n<p>\u00bfCu\u00e1l es el estado de salud del primer paciente con&nbsp;influenza A H3N2 subclado K?<\/p>\n\n\n\n<p>La dependencia de Salud inform\u00f3 que el paciente respondi\u00f3 \u00abbien al tratamiento antiviral y ya est\u00e1 recuperado\u00bb.<\/p>\n\n\n\n<p>Al respecto, asegur\u00f3 que el Sistema Nacional de Vigilancia Epidemiol\u00f3gica mantiene la vigilancia activa y se\u00f1ala que esta variante tiene caracter\u00edsticas similares a la influenza estacional de cada a\u00f1o, por lo que no representa un motivo de alarma.<\/p>\n\n\n\n<p>Por esto, las autoridades de Salud piden a la poblaci\u00f3n a acudir a los centros de salud para aplicarse las vacunas de la temporada invernal (influenza, Covid-19 y neumococo).<\/p>\n\n\n\n<p>Estas vacunas ayudan a reducir riesgos, complicaciones e internamientos, especialmente en grupos vulnerables.<\/p>\n\n\n\n<p>\u00bfQU\u00c9 HACER?<\/p>\n\n\n\n<p>La Secretar\u00eda de Salud se\u00f1ala que si una persona da positivo a influenza, debe atenderse tempranamente, usar cubrebocas y mantener medidas de aislamiento cuando sea necesario.<\/p>\n\n\n\n<p>Sobre la influenza A H3N2 subclado K, la Secretar\u00eda de Salud indic\u00f3 que continuar\u00e1 brindando informaci\u00f3n clara y oportuna sobre cualquier actualizaci\u00f3n.<\/p>\n\n\n\n<p>Apenas la noche del jueves 11 de diciembre, Salud hab\u00eda indicado que no ten\u00eda ning\u00fan paciente confirmado.&nbsp;<\/p>\n\n\n\n<p>\u201cCabe resaltar que el virus de Influenza A H3N2 es una de las variantes que circula cada a\u00f1o. El subclado o variante K, que actualmente se encuentra en Europa y Estados Unidos, no ha sido identificado en M\u00e9xico\u201d, dijo.<\/p>\n\n\n\n<p>Esto porque en Jap\u00f3n, Londres, Espa\u00f1a, Alemania, Francia e Italia se han registrado un repunte de casos.&nbsp;Sin embargo, este virus es com\u00fan que aparezca en la temporada invernal, lo que ocurri\u00f3 ahora es que se adelant\u00f3 varias semanas.<\/p>\n\n\n\n<p>LOS S\u00cdNTOMAS<\/p>\n\n\n\n<p>Fiebre alta repentina.<\/p>\n\n\n\n<p>Tos persistente.<\/p>\n\n\n\n<p>Dolor muscular y articular.<\/p>\n\n\n\n<p>Congesti\u00f3n nasal y malestar general.<\/p>\n\n\n\n<p>N\u00e1useas, v\u00f3mito y diarrea.&nbsp;<\/p>\n\n\n\n<p>Fatiga extrema que puede durar varios d\u00edas.&nbsp;<\/p>\n\n\n\n<p>Irritaci\u00f3n de garganta y dolor de cabeza.<\/p>\n","protected":false},"excerpt":{"rendered":"<p>Redacci\u00f3n\/Zona Roja Cdmx. (Informaci\u00f3n de N+) Ciudad de M\u00e9xico, a 12 de diciembre de 2025.-&hellip;<\/p>\n","protected":false},"author":2,"featured_media":70487,"comment_status":"closed","ping_status":"open","sticky":false,"template":"","format":"standard","meta":{"_lmt_disableupdate":"","_lmt_disable":"","_jetpack_memberships_contains_paid_content":false,"footnotes":""},"categories":[109,47],"tags":[],"class_list":["post-87934","post","type-post","status-publish","format-standard","has-post-thumbnail","hentry","category-minuto-a-minuto","category-zona-gris"],"jetpack_featured_media_url":"https:\/\/zonaroja.com.mx\/wp-content\/uploads\/2024\/07\/Covid-Cubreboca.jpeg","jetpack_sharing_enabled":true,"_links":{"self":[{"href":"https:\/\/zonaroja.com.mx\/index.php?rest_route=\/wp\/v2\/posts\/87934","targetHints":{"allow":["GET"]}}],"collection":[{"href":"https:\/\/zonaroja.com.mx\/index.php?rest_route=\/wp\/v2\/posts"}],"about":[{"href":"https:\/\/zonaroja.com.mx\/index.php?rest_route=\/wp\/v2\/types\/post"}],"author":[{"embeddable":true,"href":"https:\/\/zonaroja.com.mx\/index.php?rest_route=\/wp\/v2\/users\/2"}],"replies":[{"embeddable":true,"href":"https:\/\/zonaroja.com.mx\/index.php?rest_route=%2Fwp%2Fv2%2Fcomments&post=87934"}],"version-history":[{"count":1,"href":"https:\/\/zonaroja.com.mx\/index.php?rest_route=\/wp\/v2\/posts\/87934\/revisions"}],"predecessor-version":[{"id":87935,"href":"https:\/\/zonaroja.com.mx\/index.php?rest_route=\/wp\/v2\/posts\/87934\/revisions\/87935"}],"wp:featuredmedia":[{"embeddable":true,"href":"https:\/\/zonaroja.com.mx\/index.php?rest_route=\/wp\/v2\/media\/70487"}],"wp:attachment":[{"href":"https:\/\/zonaroja.com.mx\/index.php?rest_route=%2Fwp%2Fv2%2Fmedia&parent=87934"}],"wp:term":[{"taxonomy":"category","embeddable":true,"href":"https:\/\/zonaroja.com.mx\/index.php?rest_route=%2Fwp%2Fv2%2Fcategories&post=87934"},{"taxonomy":"post_tag","embeddable":true,"href":"https:\/\/zonaroja.com.mx\/index.php?rest_route=%2Fwp%2Fv2%2Ftags&post=87934"}],"curies":[{"name":"wp","href":"https:\/\/api.w.org\/{rel}","templated":true}]}}