{"id":87936,"date":"2025-12-12T20:06:55","date_gmt":"2025-12-13T02:06:55","guid":{"rendered":"https:\/\/zonaroja.com.mx\/?p=87936"},"modified":"2025-12-12T20:06:57","modified_gmt":"2025-12-13T02:06:57","slug":"ejecutan-a-dos-individuos-en-miahuatlan-y-a-otro-en-san-juan-colorado","status":"publish","type":"post","link":"https:\/\/zonaroja.com.mx\/?p=87936","title":{"rendered":"Ejecutan a dos individuos en Miahuatl\u00e1n y a otro en San Juan Colorado"},"content":{"rendered":"\n<p>Raymundo Morales\/Zona Roja.<\/p>\n\n\n\n<p>Oaxaca, Oax., a 12 de diciembre de 2025.- Tres personas m\u00e1s han sido asesinadas a balazos en el transcurso de este viernes en el estado de Oaxaca.<\/p>\n\n\n\n<p>Cerca de las 16:00 horas en la calle Hidalgo del centro del municipio de Miahuatl\u00e1n de Porfirio D\u00edaz, dos individuos fueron ultimados cuando transitaban a bordo de su unidad de motor.<\/p>\n\n\n\n<p>Sujetos con armas de grueso calibre los interceptaron y les dispararon de manera directa, tras lo cual huyeron, sin que hubiera polic\u00edas municipales en la zona para interceptarlos.<\/p>\n\n\n\n<p>Las v\u00edctimas a\u00fan no han sido identificadas y los cuerpos quedaron en la unidad de motor marcan Nissan, tipo Tsuru.<\/p>\n\n\n\n<p>Por otra parte, la ma\u00f1ana de hoy en San Juan Colorado, municipio de la regi\u00f3n Costa del estado, dos personas que se trasladaban a bordo de una motocicleta, fueron atacadas con disparos de arma de fuego.<\/p>\n\n\n\n<p>La agresi\u00f3n ocurri\u00f3 en un camino local que comunica a esa demarcaci\u00f3n con San Agust\u00edn Chayuco; en el sitio perdi\u00f3 la vida un individuo, mientras que una mujer resulto herido de gravedad.<\/p>\n\n\n\n<p>En ambos casos se desconoce el m\u00f3vil del ataque y la Fiscal\u00eda General del Estado de Oaxaca abri\u00f3 las respectivas carpetas de investigaci\u00f3n para esclarecer los homicidios.<\/p>\n\n\n\n<p>Cabe mencionar que por la ma\u00f1ana asesinaron tambi\u00e9n a otro masculino, en el municipio de San Miguel, del distrito de Ejutla, cuando se dispon\u00eda a abordar su unidad de motor, cerca de un centro educativo preescolar.<\/p>\n","protected":false},"excerpt":{"rendered":"<p>Raymundo Morales\/Zona Roja. Oaxaca, Oax., a 12 de diciembre de 2025.- Tres personas m\u00e1s han&hellip;<\/p>\n","protected":false},"author":2,"featured_media":87937,"comment_status":"closed","ping_status":"open","sticky":false,"template":"","format":"standard","meta":{"_lmt_disableupdate":"","_lmt_disable":"","_jetpack_memberships_contains_paid_content":false,"footnotes":""},"categories":[109,51],"tags":[4576],"class_list":["post-87936","post","type-post","status-publish","format-standard","has-post-thumbnail","hentry","category-minuto-a-minuto","category-zona-roja","tag-asesinado-en-miahuatlan"],"jetpack_featured_media_url":"https:\/\/zonaroja.com.mx\/wp-content\/uploads\/2025\/12\/Dos-asesinados-Miahuatlan.jpg","jetpack_sharing_enabled":true,"_links":{"self":[{"href":"https:\/\/zonaroja.com.mx\/index.php?rest_route=\/wp\/v2\/posts\/87936","targetHints":{"allow":["GET"]}}],"collection":[{"href":"https:\/\/zonaroja.com.mx\/index.php?rest_route=\/wp\/v2\/posts"}],"about":[{"href":"https:\/\/zonaroja.com.mx\/index.php?rest_route=\/wp\/v2\/types\/post"}],"author":[{"embeddable":true,"href":"https:\/\/zonaroja.com.mx\/index.php?rest_route=\/wp\/v2\/users\/2"}],"replies":[{"embeddable":true,"href":"https:\/\/zonaroja.com.mx\/index.php?rest_route=%2Fwp%2Fv2%2Fcomments&post=87936"}],"version-history":[{"count":1,"href":"https:\/\/zonaroja.com.mx\/index.php?rest_route=\/wp\/v2\/posts\/87936\/revisions"}],"predecessor-version":[{"id":87938,"href":"https:\/\/zonaroja.com.mx\/index.php?rest_route=\/wp\/v2\/posts\/87936\/revisions\/87938"}],"wp:featuredmedia":[{"embeddable":true,"href":"https:\/\/zonaroja.com.mx\/index.php?rest_route=\/wp\/v2\/media\/87937"}],"wp:attachment":[{"href":"https:\/\/zonaroja.com.mx\/index.php?rest_route=%2Fwp%2Fv2%2Fmedia&parent=87936"}],"wp:term":[{"taxonomy":"category","embeddable":true,"href":"https:\/\/zonaroja.com.mx\/index.php?rest_route=%2Fwp%2Fv2%2Fcategories&post=87936"},{"taxonomy":"post_tag","embeddable":true,"href":"https:\/\/zonaroja.com.mx\/index.php?rest_route=%2Fwp%2Fv2%2Ftags&post=87936"}],"curies":[{"name":"wp","href":"https:\/\/api.w.org\/{rel}","templated":true}]}}