{"id":87944,"date":"2025-12-13T07:45:00","date_gmt":"2025-12-13T13:45:00","guid":{"rendered":"https:\/\/zonaroja.com.mx\/?p=87944"},"modified":"2025-12-13T06:22:47","modified_gmt":"2025-12-13T12:22:47","slug":"aprehenden-en-el-istmo-a-otro-presunto-lider-criminal-de-los-cromo","status":"publish","type":"post","link":"https:\/\/zonaroja.com.mx\/?p=87944","title":{"rendered":"Aprehenden en el Istmo a otro presunto l\u00edder criminal de \u201cLos Cromo\u201d"},"content":{"rendered":"\n<p>Redacci\u00f3n\/Zona Roja Cdmx.<\/p>\n\n\n\n<p>(Informaci\u00f3n de Infobae M\u00e9xico)<\/p>\n\n\n\n<p>Ciudad de M\u00e9xico, a 13 de diciembre de 2025.- Alexis \u201cN\u201d, conocido como \u201cMacanannu\u201d e identificado como presunto jefe de plaza del grupo criminal de \u201cLos Cromo\u201d, fue detenido al cumplimentarse una orden de cateo en el municipio de Ixhuat\u00e1n, Oaxaca.<\/p>\n\n\n\n<p>Su captura se efectu\u00f3 derivado de trabajos de inteligencia realizados por la Secretar\u00eda de Marina (Semar) y la Fiscal\u00eda General del Estado de Oaxaca.<\/p>\n\n\n\n<p>El sujeto es identificado por las autoridades como jefe de plaza del grupo criminal de \u201cLos Cromo\u201d, la cual tiene operaciones en el Istmo de Tehuantepec y es liderada por Rafael de Jes\u00fas \u00c1lvarez Palma, alias \u201cFallo\u201d y\/o \u201cComandante Renco\u201d.<\/p>\n\n\n\n<p>Infobae M\u00e9xico pudo conocer que Alexis \u201cN\u201d tambi\u00e9n estar\u00eda encargado de distribuir armamento, se le relaciona con secuestros, homicidios, as\u00ed como en el alertamiento sobre los movimientos de las autoridades federales en contra del grupo criminal.<\/p>\n\n\n\n<p>Adem\u00e1s, las autoridades lo vinculan con el asesinato de un elemento de la Polic\u00eda Estatal, ocurrido en octubre de 2024.<\/p>\n\n\n\n<p>Durante el operativo las autoridades decomisaron armas de uso exclusivo de las Fuerzas Armadas y del Ej\u00e9rcito Mexicano, as\u00ed como dosis de drogas y otros objetos de uso delictivo.<\/p>\n\n\n\n<p>El \u201cMacanannu\u201d fue puesto a disposici\u00f3n del Ministerio P\u00fablico junto a lo decomisado para que se determine su situaci\u00f3n jur\u00eddica.<\/p>\n\n\n\n<p>OPERAN EN CORREDOR<\/p>\n\n\n\n<p>Tras la detenci\u00f3n de 53 integrantes de la organizaci\u00f3n criminal \u201cLos Cromo\u201d en el Corredor Interoce\u00e1nico del Istmo de Tehuantepec, la Secretar\u00eda de Marina despleg\u00f3 el Operativo \u201cSable\u201d para frenar la expansi\u00f3n de este grupo delictivo en una de las zonas estrat\u00e9gicas para el desarrollo econ\u00f3mico de M\u00e9xico.<\/p>\n\n\n\n<p>A pesar de las importantes bajas sufridas por la estructura criminal, su l\u00edder, Iv\u00e1n S\u00e1nchez Santiago, alias \u00abCromo\u201c, permanece pr\u00f3fugo y es considerado por la Semar y la Fiscal\u00eda General del Estado de Oaxaca como uno de los principales generadores de violencia en la regi\u00f3n.<\/p>\n\n\n\n<p>Seg\u00fan informaci\u00f3n de \u201cEl Universal\u201d, el \u201cCromo\u201d opera bajo las \u00f3rdenes de Rafael de Jes\u00fas \u00c1lvarez Palma, alias \u201cFallo\u201d o \u201cComandante Renco\u201d, presunto l\u00edder del C\u00e1rtel del Renco, organizaci\u00f3n que mantiene presencia en el \u00e1rea.<\/p>\n\n\n\n<p>De acuerdo con el reportaje, en el segundo nivel de la organizaci\u00f3n tambi\u00e9n se encontrar\u00edan Yesenia S\u00e1nchez Santiago, hermana \u201cCromo\u201d, y Jos\u00e9 Luis Pineda Mart\u00ednez, alias \u201cPora\u201d.<\/p>\n\n\n\n<p>Como integrantes de la c\u00e9lula delictiva se localizaron a:<\/p>\n\n\n\n<p>Marco Antonio Hern\u00e1ndez Ram\u00edrez, alias \u201cMarcos K\u201d<\/p>\n\n\n\n<p>Fernando Enrique Ferra Luis, alias \u201cFerrita\u201d, jefe de sicarios<\/p>\n\n\n\n<p>Melchor Rogelio R\u00edos Contreras, alias \u201cMelchor\u201d, proveedor de drogas de \u201cCromo\u201d<\/p>\n\n\n\n<p>Vicente de la Cruz Mart\u00ednez, alias \u201cChente Gato\u201d<\/p>\n\n\n\n<p>Jos\u00e9 Armando Santiago Ortiz, alias \u201cMandin\u201d<\/p>\n\n\n\n<p>Jos\u00e9 Guadalupe Santiago Ortiz, alias \u201cPepe\u201d<\/p>\n\n\n\n<p>Bersain Ortiz Mart\u00ednez<\/p>\n\n\n\n<p>Gerardo Antonio Rodr\u00edguez, alias \u201cCharal\u201d<\/p>\n\n\n\n<p>La investigaci\u00f3n tambi\u00e9n refiere que \u201cLos Cromo\u201d operaban con personas ligadas tanto al C\u00e1rtel de Sinaloa como del C\u00e1rtel Jalisco Nueva Generaci\u00f3n (CJNG).<\/p>\n\n\n\n<p>Uno de los casos es el de Juan Benito Tl\u00e1loc G.E., alias \u201cTl\u00e1loc\u201d, se\u00f1alado como l\u00edder huachicolero en el Istmo de Tehuantepec, quien aparece en los registros de Infobae M\u00e9xico de abril de 2025 sobre la identificaci\u00f3n de un grupo criminal presuntamente ligado al CJNG.<\/p>\n\n\n\n<p>En tanto, las autoridades federales y la Marina mantienen un despliegue en la regi\u00f3n denominado Operaci\u00f3n \u201cSable\u201d, el cual tiene como objetivo prevenir la comisi\u00f3n de delitos y capturar a objetivos espec\u00edficos del grupo criminal.<\/p>\n","protected":false},"excerpt":{"rendered":"<p>Redacci\u00f3n\/Zona Roja Cdmx. (Informaci\u00f3n de Infobae M\u00e9xico) Ciudad de M\u00e9xico, a 13 de diciembre de&hellip;<\/p>\n","protected":false},"author":2,"featured_media":87945,"comment_status":"closed","ping_status":"open","sticky":false,"template":"","format":"standard","meta":{"_lmt_disableupdate":"","_lmt_disable":"","_jetpack_memberships_contains_paid_content":false,"footnotes":""},"categories":[109,46],"tags":[494],"class_list":["post-87944","post","type-post","status-publish","format-standard","has-post-thumbnail","hentry","category-minuto-a-minuto","category-zona-blanca","tag-fiscalia-general-del-estado-de-oaxaca"],"jetpack_featured_media_url":"https:\/\/zonaroja.com.mx\/wp-content\/uploads\/2025\/12\/Detenido-Alex-Ixhuatan-Istmo-banda-CRomos.jpg.avif","jetpack_sharing_enabled":true,"_links":{"self":[{"href":"https:\/\/zonaroja.com.mx\/index.php?rest_route=\/wp\/v2\/posts\/87944","targetHints":{"allow":["GET"]}}],"collection":[{"href":"https:\/\/zonaroja.com.mx\/index.php?rest_route=\/wp\/v2\/posts"}],"about":[{"href":"https:\/\/zonaroja.com.mx\/index.php?rest_route=\/wp\/v2\/types\/post"}],"author":[{"embeddable":true,"href":"https:\/\/zonaroja.com.mx\/index.php?rest_route=\/wp\/v2\/users\/2"}],"replies":[{"embeddable":true,"href":"https:\/\/zonaroja.com.mx\/index.php?rest_route=%2Fwp%2Fv2%2Fcomments&post=87944"}],"version-history":[{"count":1,"href":"https:\/\/zonaroja.com.mx\/index.php?rest_route=\/wp\/v2\/posts\/87944\/revisions"}],"predecessor-version":[{"id":87946,"href":"https:\/\/zonaroja.com.mx\/index.php?rest_route=\/wp\/v2\/posts\/87944\/revisions\/87946"}],"wp:featuredmedia":[{"embeddable":true,"href":"https:\/\/zonaroja.com.mx\/index.php?rest_route=\/wp\/v2\/media\/87945"}],"wp:attachment":[{"href":"https:\/\/zonaroja.com.mx\/index.php?rest_route=%2Fwp%2Fv2%2Fmedia&parent=87944"}],"wp:term":[{"taxonomy":"category","embeddable":true,"href":"https:\/\/zonaroja.com.mx\/index.php?rest_route=%2Fwp%2Fv2%2Fcategories&post=87944"},{"taxonomy":"post_tag","embeddable":true,"href":"https:\/\/zonaroja.com.mx\/index.php?rest_route=%2Fwp%2Fv2%2Ftags&post=87944"}],"curies":[{"name":"wp","href":"https:\/\/api.w.org\/{rel}","templated":true}]}}