{"id":87947,"date":"2025-12-13T08:45:00","date_gmt":"2025-12-13T14:45:00","guid":{"rendered":"https:\/\/zonaroja.com.mx\/?p=87947"},"modified":"2025-12-13T07:12:34","modified_gmt":"2025-12-13T13:12:34","slug":"ejecutan-a-funcionario-de-san-jacinto-amilpas-oaxaca","status":"publish","type":"post","link":"https:\/\/zonaroja.com.mx\/?p=87947","title":{"rendered":"Ejecutan a funcionario de San Jacinto Amilpas, Oaxaca"},"content":{"rendered":"\n<p>Ismael Garc\u00eda M.\/Zona Roja.<\/p>\n\n\n\n<p>Oaxaca, Oax., a 13 de diciembre de 2025.- Como Nelson H. P., director jur\u00eddico del ayuntamiento de San Jacinto Amilpas, fue identificado el individuo ejecutado anoche en ese municipio conurbado a la capital de Oaxaca.<\/p>\n\n\n\n<p>La agresi\u00f3n armada ocurri\u00f3 alrededor de las 23:00 horas por parte de al menos dos sujetos armados que llegaron a disparar directamente en contra de la hoy v\u00edctima, en un puesto de revisi\u00f3n de alcoholemia, sobre la carretera riberas del Atoyac, a la altura de la colonia Cuauht\u00e9moc.<\/p>\n\n\n\n<p>Los uniformados viales presentes, en lugar de repeler la agresi\u00f3n, optaron por esconderse, de acuerdo con informaciones preliminares de testigos.<\/p>\n\n\n\n<p>Param\u00e9dicos arribaron a brindar atenci\u00f3n m\u00e9dica al herido de m\u00faltiples impactos de arma de fuego, pero luego corroboraron que ya no contaba con signos vitales.<\/p>\n\n\n\n<p>Luego del asesinato, supuestamente corporaciones policiacas efectuaron operativos de b\u00fasqueda, sin \u00e9xito hasta esta ma\u00f1ana.<\/p>\n\n\n\n<p>Mientras tanto, peritos y agentes de investigaci\u00f3n de la Fiscal\u00eda General del Estado de Oaxaca contin\u00faan con las indagatorias correspondientes para esclarecer el caso.<\/p>\n\n\n\n<p>Cabe mencionar que horas antes, se difundieron videos en que presuntamente automovilistas se quejaban de supuestas arbitrariedades de la polic\u00eda vial, durante revisiones aleatorias.<\/p>\n\n\n\n<p>En tanto, la poblaci\u00f3n de San Jacinto Amilpas reiteradamente han exigido al presidente municipal Alejandro D\u00edaz, surgido del Partido Morena, que implemente acciones de seguridad, pues cada d\u00eda aumentan los delitos en esa zona.<\/p>\n","protected":false},"excerpt":{"rendered":"<p>Ismael Garc\u00eda M.\/Zona Roja. Oaxaca, Oax., a 13 de diciembre de 2025.- Como Nelson H.&hellip;<\/p>\n","protected":false},"author":2,"featured_media":87954,"comment_status":"closed","ping_status":"open","sticky":false,"template":"","format":"standard","meta":{"_lmt_disableupdate":"","_lmt_disable":"","_jetpack_memberships_contains_paid_content":false,"footnotes":""},"categories":[109,51],"tags":[77],"class_list":["post-87947","post","type-post","status-publish","format-standard","has-post-thumbnail","hentry","category-minuto-a-minuto","category-zona-roja","tag-san-jacinto-amilpas"],"jetpack_featured_media_url":"https:\/\/zonaroja.com.mx\/wp-content\/uploads\/2025\/12\/Asesinado-en-San-Jacinto-Amilpas.jpg","jetpack_sharing_enabled":true,"_links":{"self":[{"href":"https:\/\/zonaroja.com.mx\/index.php?rest_route=\/wp\/v2\/posts\/87947","targetHints":{"allow":["GET"]}}],"collection":[{"href":"https:\/\/zonaroja.com.mx\/index.php?rest_route=\/wp\/v2\/posts"}],"about":[{"href":"https:\/\/zonaroja.com.mx\/index.php?rest_route=\/wp\/v2\/types\/post"}],"author":[{"embeddable":true,"href":"https:\/\/zonaroja.com.mx\/index.php?rest_route=\/wp\/v2\/users\/2"}],"replies":[{"embeddable":true,"href":"https:\/\/zonaroja.com.mx\/index.php?rest_route=%2Fwp%2Fv2%2Fcomments&post=87947"}],"version-history":[{"count":1,"href":"https:\/\/zonaroja.com.mx\/index.php?rest_route=\/wp\/v2\/posts\/87947\/revisions"}],"predecessor-version":[{"id":87955,"href":"https:\/\/zonaroja.com.mx\/index.php?rest_route=\/wp\/v2\/posts\/87947\/revisions\/87955"}],"wp:featuredmedia":[{"embeddable":true,"href":"https:\/\/zonaroja.com.mx\/index.php?rest_route=\/wp\/v2\/media\/87954"}],"wp:attachment":[{"href":"https:\/\/zonaroja.com.mx\/index.php?rest_route=%2Fwp%2Fv2%2Fmedia&parent=87947"}],"wp:term":[{"taxonomy":"category","embeddable":true,"href":"https:\/\/zonaroja.com.mx\/index.php?rest_route=%2Fwp%2Fv2%2Fcategories&post=87947"},{"taxonomy":"post_tag","embeddable":true,"href":"https:\/\/zonaroja.com.mx\/index.php?rest_route=%2Fwp%2Fv2%2Ftags&post=87947"}],"curies":[{"name":"wp","href":"https:\/\/api.w.org\/{rel}","templated":true}]}}