{"id":87956,"date":"2025-12-13T09:45:00","date_gmt":"2025-12-13T15:45:00","guid":{"rendered":"https:\/\/zonaroja.com.mx\/?p=87956"},"modified":"2025-12-13T07:08:34","modified_gmt":"2025-12-13T13:08:34","slug":"poder-judicial-decidido-a-romper-inercias-y-dejar-atras-practicas-burocraticas","status":"publish","type":"post","link":"https:\/\/zonaroja.com.mx\/?p=87956","title":{"rendered":"Poder Judicial, decidido a romper inercias y dejar atr\u00e1s pr\u00e1cticas burocr\u00e1ticas\u00a0"},"content":{"rendered":"\n<p>Redacci\u00f3n\/Zona Roja.<\/p>\n\n\n\n<p>Oaxaca, Oax., a 13 de diciembre de 2025.- La&nbsp;titular del Poder Judicial del Estado de Oaxaca, magistrada&nbsp;\u00c9rika&nbsp;Mar\u00eda Rodr\u00edguez&nbsp;Rodr\u00edguez,&nbsp;present\u00f3 este viernes su Informe de Actividades 2025, as\u00ed como el balance de los primeros 100 d\u00edas de su gesti\u00f3n al frente del Tribunal Superior de Justicia y del Consejo de la Judicatura.<\/p>\n\n\n\n<p>En su mensaje, destac\u00f3 la reingenier\u00eda integral puesta en marcha al interior de la instituci\u00f3n para revertir rezagos hist\u00f3ricos y acercar los servicios al pueblo.&nbsp;<\/p>\n\n\n\n<p>En sesi\u00f3n solemne conjunta de los plenos, a la que asistieron como invitados especiales el gobernador Salom\u00f3n Jara Cruz y las presidentas de la Junta de Coordinaci\u00f3n Pol\u00edtica, Tania Caballero Navarro y de la Mesa Directiva de la 66 Legislatura, Eva Diego Cruz, indic\u00f3 que los primeros meses de su gesti\u00f3n&nbsp;se realiz\u00f3 un diagn\u00f3stico&nbsp;con quienes sostienen diariamente la operaci\u00f3n jurisdiccional&nbsp;y a&nbsp;partir de este proceso&nbsp;se defini\u00f3 una estrategia de reorganizaci\u00f3n.<\/p>\n\n\n\n<p>\u201cUn Poder Judicial distante no sirve; un&nbsp;Poder Judicial temeroso no transforma: un&nbsp;Poder Judicial que no escucha se convierte, sin quererlo, en c\u00f3mplice del orden que genera injusticias.&nbsp;<\/p>\n\n\n\n<p>\u201cPor eso hemos decidido romper inercias, eliminar pr\u00e1cticas nocivas, sacudir estructuras internas y salir al territorio, porque la justicia s\u00f3lo se vuelve verdadera cuando se acerca a las personas, cuando reconoce la desigualdad y cuando se atreve a corregirla\u201d, enfatiz\u00f3.<\/p>\n\n\n\n<p>Puntualiz\u00f3 que uno de los avances m\u00e1s significativos en este periodo fue la implementaci\u00f3n del programa \u201cJusticia m\u00e1s cerca de ti\u201d,&nbsp;a trav\u00e9s del cual magistradas, magistrados, juezas, jueces y personal judicial&nbsp;ya han recorrido los&nbsp;municipios de San Pedro Pochutla, en la Costa; Ixtl\u00e1n de Ju\u00e1rez, en la Sierra Ju\u00e1rez y Santo Domingo Tehuantepec, en el Istmo.&nbsp;\u201cNos levantamos del escritorio para ir al territorio\u201d.<\/p>\n\n\n\n<p>El objetivo, explic\u00f3, es escuchar directamente a las personas, atender dudas sobre procesos judiciales y fortalecer la confianza en las instituciones. Adem\u00e1s, como parte de la estrategia, magistradas y magistrados impartieron conferencias en universidades de estas zonas, con el fin de promover la cultura de la legalidad en la comunidad estudiantil.&nbsp;<\/p>\n\n\n\n<p>Respecto a la reingenier\u00eda integral, inform\u00f3 que se realizaron 28 cambios de adscripci\u00f3n de jueces, 26 de secretarios de acuerdos, cinco nuevas designaciones y la habilitaci\u00f3n de ocho secretarios para dictar sentencias. Asimismo, se cre\u00f3 el Primer y Segundo Tribunal de Enjuiciamiento del Estado,&nbsp;con el objetivo de atender de manera m\u00e1s eficiente la demanda de justicia en todas las regiones.<\/p>\n\n\n\n<p>En materia acad\u00e9mica y de profesionalizaci\u00f3n, la&nbsp;Magistrada&nbsp;Presidenta&nbsp;mencion\u00f3 la firma y reactivaci\u00f3n de convenios con la Universidad de Medell\u00edn,&nbsp;Colombia y la Universidad de Perugia, Italia, que permitieron relanzar la Maestr\u00eda en Derecho Judicial, abrir convocatoria para su tercera generaci\u00f3n e impulsar el Doctorado en Derecho.&nbsp;<\/p>\n\n\n\n<p>Tambi\u00e9n destac\u00f3 las capacitaciones a 343 operadores judiciales y los avances en la implementaci\u00f3n del C\u00f3digo Nacional de Procedimientos Civiles y Familiares.<\/p>\n\n\n\n<figure class=\"wp-block-embed is-type-rich is-provider-twitter wp-block-embed-twitter\"><div class=\"wp-block-embed__wrapper\">\n<div class=\"twitter-tweet\"><blockquote class=\"twitter-tweet\" data-lang=\"es\"><p lang=\"es\" dir=\"ltr\">Este viernes en sesi\u00f3n solemne, la titular del Poder Judicial del Estado, magistrada Erika Mar\u00eda Rodr\u00edguez Rodr\u00edguez (<a href=\"https:\/\/twitter.com\/ErikamariaR?ref_src=twsrc%5Etfw\">@erikamariar<\/a>), present\u00f3 su Informe de Actividades 2025, as\u00ed como el balance de los primeros 100 d\u00edas de su gesti\u00f3n al frente del Tribunal Superior de Justicia y\u2026 <a href=\"https:\/\/t.co\/Kvbbt4KGaq\">pic.twitter.com\/Kvbbt4KGaq<\/a><\/p>&mdash; Zona Roja Oaxaca (@ZonaRoja_Oaxaca) <a href=\"https:\/\/twitter.com\/ZonaRoja_Oaxaca\/status\/1999589711174861262?ref_src=twsrc%5Etfw\">12 de diciembre de 2025<\/a><\/blockquote><\/div>\n<\/div><\/figure>\n","protected":false},"excerpt":{"rendered":"<p>Redacci\u00f3n\/Zona Roja. Oaxaca, Oax., a 13 de diciembre de 2025.- La&nbsp;titular del Poder Judicial del&hellip;<\/p>\n","protected":false},"author":2,"featured_media":87951,"comment_status":"closed","ping_status":"open","sticky":false,"template":"","format":"standard","meta":{"_lmt_disableupdate":"","_lmt_disable":"","_jetpack_memberships_contains_paid_content":false,"footnotes":""},"categories":[109,46],"tags":[4430,223],"class_list":["post-87956","post","type-post","status-publish","format-standard","has-post-thumbnail","hentry","category-minuto-a-minuto","category-zona-blanca","tag-erika-maria-rodriguez-rodriguez","tag-poder-judicial-de-oaxaca"],"jetpack_featured_media_url":"https:\/\/zonaroja.com.mx\/wp-content\/uploads\/2025\/12\/Informae-presidenta-del-Poder-Judicial-Ericka-Rodriguez.jpg","jetpack_sharing_enabled":true,"_links":{"self":[{"href":"https:\/\/zonaroja.com.mx\/index.php?rest_route=\/wp\/v2\/posts\/87956","targetHints":{"allow":["GET"]}}],"collection":[{"href":"https:\/\/zonaroja.com.mx\/index.php?rest_route=\/wp\/v2\/posts"}],"about":[{"href":"https:\/\/zonaroja.com.mx\/index.php?rest_route=\/wp\/v2\/types\/post"}],"author":[{"embeddable":true,"href":"https:\/\/zonaroja.com.mx\/index.php?rest_route=\/wp\/v2\/users\/2"}],"replies":[{"embeddable":true,"href":"https:\/\/zonaroja.com.mx\/index.php?rest_route=%2Fwp%2Fv2%2Fcomments&post=87956"}],"version-history":[{"count":1,"href":"https:\/\/zonaroja.com.mx\/index.php?rest_route=\/wp\/v2\/posts\/87956\/revisions"}],"predecessor-version":[{"id":87957,"href":"https:\/\/zonaroja.com.mx\/index.php?rest_route=\/wp\/v2\/posts\/87956\/revisions\/87957"}],"wp:featuredmedia":[{"embeddable":true,"href":"https:\/\/zonaroja.com.mx\/index.php?rest_route=\/wp\/v2\/media\/87951"}],"wp:attachment":[{"href":"https:\/\/zonaroja.com.mx\/index.php?rest_route=%2Fwp%2Fv2%2Fmedia&parent=87956"}],"wp:term":[{"taxonomy":"category","embeddable":true,"href":"https:\/\/zonaroja.com.mx\/index.php?rest_route=%2Fwp%2Fv2%2Fcategories&post=87956"},{"taxonomy":"post_tag","embeddable":true,"href":"https:\/\/zonaroja.com.mx\/index.php?rest_route=%2Fwp%2Fv2%2Ftags&post=87956"}],"curies":[{"name":"wp","href":"https:\/\/api.w.org\/{rel}","templated":true}]}}