{"id":87958,"date":"2025-12-13T10:45:00","date_gmt":"2025-12-13T16:45:00","guid":{"rendered":"https:\/\/zonaroja.com.mx\/?p=87958"},"modified":"2025-12-13T07:11:44","modified_gmt":"2025-12-13T13:11:44","slug":"reporta-fiscalia-general-disminucion-de-homicidios-dolosos-en-20","status":"publish","type":"post","link":"https:\/\/zonaroja.com.mx\/?p=87958","title":{"rendered":"Reporta Fiscal\u00eda General disminuci\u00f3n de homicidios dolosos en 2025"},"content":{"rendered":"\n<p>Lisbeth Mej\u00eda Reyes\/Zona Roja.<\/p>\n\n\n\n<p>Oaxaca, Oax., a 13 de diciembre de 2025.- Comparando los mismos periodos (enero-noviembre) de los \u00faltimos a\u00f1os y con excepci\u00f3n de los a\u00f1os de la pandemia de Covid-19, el 2025 ha registrado el menor n\u00famero de homicidios dolosos en la entidad, se\u00f1al\u00f3 la Fiscal\u00eda General del Estado de Oaxaca (FGEO).<\/p>\n\n\n\n<p>Esta semana, en su conferencia m\u00e1s reciente sobre la desarticulaci\u00f3n de una red de pornograf\u00eda infantil, el fiscal Bernardo Rodr\u00edguez Alamilla tambi\u00e9n inform\u00f3 sobre la disminuci\u00f3n de la incidencia delictiva en Oaxaca.<\/p>\n\n\n\n<p>De manera general, explic\u00f3 que con base en las denuncias de la poblaci\u00f3n, en el a\u00f1o 2023 se abrieron 39 mil 221 carpetas de investigaci\u00f3n; en 2024 fueron 34 mil 918 y en 2025 van 27 mil 138. \u00abEn t\u00e9rminos de denuncias, los delitos van a la baja\u00bb, indic\u00f3.<\/p>\n\n\n\n<p>En cuanto a delitos de alto impacto como los homicidios dolosos, secuestros y dem\u00e1s, el fiscal inform\u00f3 que tambi\u00e9n han disminuido. Por ejemplo, en homicidios dolosos (intencionales) y feminicidios (asesinatos de mujeres en raz\u00f3n de g\u00e9nero), se observa esta tendencia de disminuci\u00f3n al comparar los mismos periodos de enero a noviembre de los \u00faltimos seis a\u00f1os (se considera hasta noviembre debido a que 2025 a\u00fan no concluye).<\/p>\n\n\n\n<p>En 2020, el n\u00famero total de v\u00edctimas de homicidios dolosos y de feminicidios fueron 917; en 2021, 796 v\u00edctimas; para el a\u00f1o 2022 se registraron 929; para el 2023, 944; en 2204 fueron 934 y en 2025 son 813.<\/p>\n\n\n\n<p>Con excepci\u00f3n del 2021, uno de los dos a\u00f1os m\u00e1s afectados por la pandemia y que como en otros aspectos registr\u00f3 disminuci\u00f3n de actividades de todos los tipos en el pa\u00eds y el mundo, hasta ahora es el 2025 el que ha presentado una baja en estos delitos de alto impacto.&nbsp;<\/p>\n\n\n\n<p>Si se compara \u00fanicamente con el a\u00f1o 2024, cuando hubo 934 v\u00edctimas de homicidios dolosos y feminicidios, la diferencia con el 2025 es de 121 v\u00edctimas menos.<\/p>\n\n\n\n<p>De manera general, el fiscal reiter\u00f3 que en la incidencia delictiva hay 707 carpetas de investigaci\u00f3n mensuales menos que en 2024. En cuanto a delitos de alto impacto, son 429 carpetas de investigaci\u00f3n mensuales menos que el a\u00f1o previo. Y que por mes, hay 11 homicidios dolosos menos en 2025.<\/p>\n\n\n\n<p>Aun cuando a nivel estatal se reporta una disminuci\u00f3n, el fiscal tambi\u00e9n reconoci\u00f3 que regiones como el Istmo de Tehuantepec y la Costa a\u00fan hay retos para lograr una mayor reducci\u00f3n de los homicidios dolosos, aunque s\u00ed hay una baja \u00aby eso ya es un avance\u00bb.<\/p>\n\n\n\n<figure class=\"wp-block-embed is-type-rich is-provider-twitter wp-block-embed-twitter\"><div class=\"wp-block-embed__wrapper\">\n<div class=\"twitter-tweet\"><blockquote class=\"twitter-tweet\" data-lang=\"es\"><p lang=\"es\" dir=\"ltr\">En su conferencia de prensa reciente, Bernardo Rodr\u00edguez Alamilla (<a href=\"https:\/\/twitter.com\/FiscalOaxaca?ref_src=twsrc%5Etfw\">@FiscalOaxaca<\/a>), titular de la Fiscal\u00eda General del Estado de Oaxaca (<a href=\"https:\/\/twitter.com\/FISCALIA_GobOax?ref_src=twsrc%5Etfw\">@FISCALIA_GobOax<\/a>), comparti\u00f3 cifras de los \u00faltimos a\u00f1os, en que destac\u00f3 la baja en la incidencia delictiva, incluyendo los homicidios dolosos. <a href=\"https:\/\/t.co\/4rC3rWExmn\">pic.twitter.com\/4rC3rWExmn<\/a><\/p>&mdash; Zona Roja Oaxaca (@ZonaRoja_Oaxaca) <a href=\"https:\/\/twitter.com\/ZonaRoja_Oaxaca\/status\/1999482731919736904?ref_src=twsrc%5Etfw\">12 de diciembre de 2025<\/a><\/blockquote><\/div>\n<\/div><\/figure>\n","protected":false},"excerpt":{"rendered":"<p>Lisbeth Mej\u00eda Reyes\/Zona Roja. Oaxaca, Oax., a 13 de diciembre de 2025.- Comparando los mismos&hellip;<\/p>\n","protected":false},"author":2,"featured_media":87930,"comment_status":"closed","ping_status":"open","sticky":false,"template":"","format":"standard","meta":{"_lmt_disableupdate":"","_lmt_disable":"","_jetpack_memberships_contains_paid_content":false,"footnotes":""},"categories":[109,46],"tags":[1262,494],"class_list":["post-87958","post","type-post","status-publish","format-standard","has-post-thumbnail","hentry","category-minuto-a-minuto","category-zona-blanca","tag-bernardo-rodriguez-alamilla","tag-fiscalia-general-del-estado-de-oaxaca"],"jetpack_featured_media_url":"https:\/\/zonaroja.com.mx\/wp-content\/uploads\/2025\/12\/Fiscal-Oaxaca-Bernardo-Rodriguez-Alamilla.jpg","jetpack_sharing_enabled":true,"_links":{"self":[{"href":"https:\/\/zonaroja.com.mx\/index.php?rest_route=\/wp\/v2\/posts\/87958","targetHints":{"allow":["GET"]}}],"collection":[{"href":"https:\/\/zonaroja.com.mx\/index.php?rest_route=\/wp\/v2\/posts"}],"about":[{"href":"https:\/\/zonaroja.com.mx\/index.php?rest_route=\/wp\/v2\/types\/post"}],"author":[{"embeddable":true,"href":"https:\/\/zonaroja.com.mx\/index.php?rest_route=\/wp\/v2\/users\/2"}],"replies":[{"embeddable":true,"href":"https:\/\/zonaroja.com.mx\/index.php?rest_route=%2Fwp%2Fv2%2Fcomments&post=87958"}],"version-history":[{"count":2,"href":"https:\/\/zonaroja.com.mx\/index.php?rest_route=\/wp\/v2\/posts\/87958\/revisions"}],"predecessor-version":[{"id":87960,"href":"https:\/\/zonaroja.com.mx\/index.php?rest_route=\/wp\/v2\/posts\/87958\/revisions\/87960"}],"wp:featuredmedia":[{"embeddable":true,"href":"https:\/\/zonaroja.com.mx\/index.php?rest_route=\/wp\/v2\/media\/87930"}],"wp:attachment":[{"href":"https:\/\/zonaroja.com.mx\/index.php?rest_route=%2Fwp%2Fv2%2Fmedia&parent=87958"}],"wp:term":[{"taxonomy":"category","embeddable":true,"href":"https:\/\/zonaroja.com.mx\/index.php?rest_route=%2Fwp%2Fv2%2Fcategories&post=87958"},{"taxonomy":"post_tag","embeddable":true,"href":"https:\/\/zonaroja.com.mx\/index.php?rest_route=%2Fwp%2Fv2%2Ftags&post=87958"}],"curies":[{"name":"wp","href":"https:\/\/api.w.org\/{rel}","templated":true}]}}