{"id":87961,"date":"2025-12-13T12:45:00","date_gmt":"2025-12-13T18:45:00","guid":{"rendered":"https:\/\/zonaroja.com.mx\/?p=87961"},"modified":"2025-12-13T07:24:08","modified_gmt":"2025-12-13T13:24:08","slug":"entregan-21-ambulancias-a-municipios-y-cruz-roja-de-oaxaca","status":"publish","type":"post","link":"https:\/\/zonaroja.com.mx\/?p=87961","title":{"rendered":"Entregan 21 ambulancias a municipios y Cruz Roja de Oaxaca"},"content":{"rendered":"\n<p>Redacci\u00f3n\/Zona Roja.&nbsp;<\/p>\n\n\n\n<p>Oaxaca, Oax., a 13 de diciembre de 2025.- El gobernador Salom\u00f3n Jara Cruz dio respuesta a las peticiones que hacen las y los pobladores, entre ellas, las 21 ambulancias de traslado que este viernes entreg\u00f3 a 18 municipios y a la delegaci\u00f3n de la Cruz Roja Mexicana.<\/p>\n\n\n\n<p>En el Centro Cultural y de Convenciones de Oaxaca (CCCO), el mandatario estatal destac\u00f3 que estos veh\u00edculos garantizan desplazamientos m\u00e9dicos oportunos y seguros, lo que redunda en la reducci\u00f3n de los tiempos de respuesta ante urgencias m\u00e9dicas.<\/p>\n\n\n\n<p>\u201cEstas ambulancias representan esperanza, rapidez y posibilidad real de llegar a tiempo donde la vida est\u00e1 en riesgo, sobre todo en zonas apartadas de dif\u00edcil acceso. Siempre contar\u00e1n con el apoyo de un gobierno amigo\u201d, se\u00f1al\u00f3 junto a la presidenta honoraria del Sistema DIF Oaxaca, Irma Bola\u00f1os Quijano.<\/p>\n\n\n\n<p>Algunos municipios beneficiados fueron: San Miguel Tequixtepec, Santa Mar\u00eda Jacatepec, San Pablo Huitzo, Santiago Chazumba, San Mateo del Mar, Santo Domingo Ixcatl\u00e1n, San Antonino Castillo Velasco, Uni\u00f3n Hidalgo, San Pedro Huilotepec, entre otros.<\/p>\n\n\n\n<p>El titular de Servicios de Salud de Oaxaca (SSO), Efr\u00e9n Emmanuel Jarqu\u00edn Gonz\u00e1lez detall\u00f3 que estas unidades cuentan con: \u00e1rea m\u00e9dica acondicionada, dise\u00f1ada para el traslado seguro de las y los pacientes; camilla principal con sistemas de sujeci\u00f3n, que garantiza estabilidad durante el traslado; as\u00ed como sistema b\u00e1sico de oxigenoterapia y equipamiento.<\/p>\n\n\n\n<p>\u201cSeguiremos trabajando para que estos servicios sean oportunos, con calidad y para quien m\u00e1s lo necesita, porque la salud se protege con decisiones firmes y acciones concretas\u201d, resalt\u00f3.<\/p>\n\n\n\n<p>En representaci\u00f3n de los municipios beneficiados, el edil de Villa de Tututepec de Melchor Ocampo, Eder Mu\u00f1oz Pe\u00f1a expres\u00f3 que la inversi\u00f3n en estos veh\u00edculos simboliza salud y bienestar, lo que tendr\u00e1 un impacto inmediato y significativo en la capacidad de respuesta ante situaciones cr\u00edticas.<\/p>\n\n\n\n<figure class=\"wp-block-embed is-type-rich is-provider-twitter wp-block-embed-twitter\"><div class=\"wp-block-embed__wrapper\">\n<div class=\"twitter-tweet\"><blockquote class=\"twitter-tweet\" data-lang=\"es\"><p lang=\"es\" dir=\"ltr\">FORTALECEMOS EL ACCESO A LA ATENCI\u00d3N M\u00c9DICA OPORTUNA CON LA ENTREGA DE AMBULANCIAS<br><br>Este viernes, realizamos la entrega de 21 ambulancias para el fortalecimiento de la atenci\u00f3n prehospitalaria, junto a la Presidenta del <a href=\"https:\/\/twitter.com\/DIF_Oaxaca?ref_src=twsrc%5Etfw\">@DIF_Oaxaca<\/a>, <a href=\"https:\/\/twitter.com\/Irma_BolanosOax?ref_src=twsrc%5Etfw\">@Irma_BolanosOax<\/a>, y el secretario de Salud,\u2026 <a href=\"https:\/\/t.co\/r78sHsipmz\">pic.twitter.com\/r78sHsipmz<\/a><\/p>&mdash; Salom\u00f3n Jara Cruz (@salomonj) <a href=\"https:\/\/twitter.com\/salomonj\/status\/1999640896975872221?ref_src=twsrc%5Etfw\">13 de diciembre de 2025<\/a><\/blockquote><\/div>\n<\/div><\/figure>\n","protected":false},"excerpt":{"rendered":"<p>Redacci\u00f3n\/Zona Roja.&nbsp; Oaxaca, Oax., a 13 de diciembre de 2025.- El gobernador Salom\u00f3n Jara Cruz&hellip;<\/p>\n","protected":false},"author":2,"featured_media":87952,"comment_status":"closed","ping_status":"open","sticky":false,"template":"","format":"standard","meta":{"_lmt_disableupdate":"","_lmt_disable":"","_jetpack_memberships_contains_paid_content":false,"footnotes":""},"categories":[109,48],"tags":[939],"class_list":["post-87961","post","type-post","status-publish","format-standard","has-post-thumbnail","hentry","category-minuto-a-minuto","category-zona-critica","tag-salomon-jara-cruz"],"jetpack_featured_media_url":"https:\/\/zonaroja.com.mx\/wp-content\/uploads\/2025\/12\/Entrega-Salomon-Jara-21-ambulancias-de-traslado-para-fortalecer-la-atencion-medica-en-Oaxaca-4.jpg","jetpack_sharing_enabled":true,"_links":{"self":[{"href":"https:\/\/zonaroja.com.mx\/index.php?rest_route=\/wp\/v2\/posts\/87961","targetHints":{"allow":["GET"]}}],"collection":[{"href":"https:\/\/zonaroja.com.mx\/index.php?rest_route=\/wp\/v2\/posts"}],"about":[{"href":"https:\/\/zonaroja.com.mx\/index.php?rest_route=\/wp\/v2\/types\/post"}],"author":[{"embeddable":true,"href":"https:\/\/zonaroja.com.mx\/index.php?rest_route=\/wp\/v2\/users\/2"}],"replies":[{"embeddable":true,"href":"https:\/\/zonaroja.com.mx\/index.php?rest_route=%2Fwp%2Fv2%2Fcomments&post=87961"}],"version-history":[{"count":1,"href":"https:\/\/zonaroja.com.mx\/index.php?rest_route=\/wp\/v2\/posts\/87961\/revisions"}],"predecessor-version":[{"id":87962,"href":"https:\/\/zonaroja.com.mx\/index.php?rest_route=\/wp\/v2\/posts\/87961\/revisions\/87962"}],"wp:featuredmedia":[{"embeddable":true,"href":"https:\/\/zonaroja.com.mx\/index.php?rest_route=\/wp\/v2\/media\/87952"}],"wp:attachment":[{"href":"https:\/\/zonaroja.com.mx\/index.php?rest_route=%2Fwp%2Fv2%2Fmedia&parent=87961"}],"wp:term":[{"taxonomy":"category","embeddable":true,"href":"https:\/\/zonaroja.com.mx\/index.php?rest_route=%2Fwp%2Fv2%2Fcategories&post=87961"},{"taxonomy":"post_tag","embeddable":true,"href":"https:\/\/zonaroja.com.mx\/index.php?rest_route=%2Fwp%2Fv2%2Ftags&post=87961"}],"curies":[{"name":"wp","href":"https:\/\/api.w.org\/{rel}","templated":true}]}}