{"id":8797,"date":"2020-02-15T11:32:47","date_gmt":"2020-02-15T17:32:47","guid":{"rendered":"http:\/\/www.zonaroja.com.mx\/?p=8797"},"modified":"2020-02-15T11:32:50","modified_gmt":"2020-02-15T17:32:50","slug":"agreden-sexualmente-a-joven-en-el-transporte-publico-impacta-indiferencia-de-la-sociedad","status":"publish","type":"post","link":"https:\/\/zonaroja.com.mx\/?p=8797","title":{"rendered":"Agreden sexualmente a joven en el transporte p\u00fablico; impacta indiferencia de la sociedad"},"content":{"rendered":"\n<p>Evlin Arag\u00f3n\/Zona Roja.<\/p>\n\n\n\n<p>Oaxaca de Ju\u00e1rez, Oax., 15 de febrero\nde 2020.- \u201cGracias por grabar, grabe a este tipo porque es un asqueroso y ojal\u00e1\ntodo Oaxaca se entere que eres un tipo asqueroso, y t\u00fa madre tambi\u00e9n\u201d,<\/p>\n\n\n\n<p>Son las palabras que se escuchan en un\nvideo de 12 segundos difundido a trav\u00e9s de las redes sociales y donde se hace\nevidente un caso de acoso y violencia sexual al interior del transporte p\u00fablico\nen la capital de Oaxaca.<\/p>\n\n\n\n<p>De acuerdo con decenas de publicaciones\nen las redes sociales, se trata de una alumna de la Preparatoria 1 &nbsp;de la UABJO quien fue v\u00edctima de violencia\nsexual ejercida por un hombre con vestimenta deportiva de color negro con\nguinda y gorra gris, a bordo de un cami\u00f3n del transporte p\u00fablico con ruta\npresuntamente al Telet\u00f3n (por la rampa que se ve al fondo del veh\u00edculo).<\/p>\n\n\n\n<p>\u00abMe sub\u00ed al cami\u00f3n y me sent\u00e9 en\nla parte del pasillo, ven\u00eda escuchando m\u00fasica camino a la escuela, cuando de\nrepente sent\u00ed que se pegaron a mi brazo y cuando volte\u00e9 estaba un hombre con\nsus geniales de fuera y refreg\u00e1ndose contra mi brazo, en ese momento le tom\u00e9\nuna foto y empec\u00e9 a gritar, el cami\u00f3n iba lleno y, a pesar de eso la gente no\nhizo, ni dijo nada\u00bb, fue el mensaje con el que se acompa\u00f1\u00f3 el video\ndifundido.<\/p>\n\n\n\n<p>La usuaria de Facebook de nombre\nMichelle M.,&nbsp; fue quien grab\u00f3 y comparti\u00f3\nel video en apoyo con la mujer agredida; ella relat\u00f3 en sus redes sociales la\nindiferencia de las personas a bordo del cami\u00f3n, quienes parec\u00edan no conmoverse\nante los gritos de la joven que eran tan fuertes que aunque llevaba aud\u00edfonos\nlos pudo escuchar por lo que decidi\u00f3 grabar el hecho.<\/p>\n\n\n\n<p>\u201cAdmito que en el momento no supe que\nhacer, la chica comenz\u00f3 a llorar y el tipo dijo que no sab\u00eda de qu\u00e9 hablaba,\nella llorando dijo \u00bfc\u00f3mo no vas a saber?, te sacaste el miembro y me lo pusiste\nen la cara\u201d, public\u00f3 en sus redes sociales donde comparti\u00f3 el suceso que\npresenci\u00f3 y decidi\u00f3 grabar.<\/p>\n\n\n\n<p>Explic\u00f3 que el agresor lejos de sentir\nverg\u00fcenza se burlaba de la joven, ante la mirada indolente de las decenas de\npersonas que se encontraban a bordo del veh\u00edculo, a la par que cuestion\u00f3 la\nnormalizaci\u00f3n del acoso, violencia sexual y la falta de respaldo hacia la\nv\u00edctima mientras con l\u00e1grimas en los ojos hacia evidente la agresi\u00f3n.&nbsp;&nbsp; <\/p>\n\n\n\n<p>Este caso se hizo viral una semana\ndespu\u00e9s que transcendi\u00f3 la denuncia contra un sujeto que vende bisuter\u00eda de\nmanera ambulante en la v\u00eda p\u00fablica y aprovecha su acercamiento con las mujeres\npara violentarlas sexualmente.<\/p>\n\n\n\n<p>El individuo fue denunciado por mostrar\nsu pene a una joven mientras se masturbaba, para posteriormente manchar con su\nl\u00edquido seminal a la v\u00edctima. Decenas de usuarias en las redes lo reconocieron\ncomo agresor en otras ocasiones, lo que ayud\u00f3 a que fuera identificado como\nChristian C. R., de 25 a\u00f1os de edad y detenido por elementos de la Agencia\nEstatal de Investigaciones.<\/p>\n","protected":false},"excerpt":{"rendered":"<p>Evlin Arag\u00f3n\/Zona Roja. Oaxaca de Ju\u00e1rez, Oax., 15 de febrero de 2020.- \u201cGracias por grabar,&hellip;<\/p>\n","protected":false},"author":2,"featured_media":8798,"comment_status":"closed","ping_status":"open","sticky":false,"template":"","format":"standard","meta":{"_lmt_disableupdate":"","_lmt_disable":"","_jetpack_memberships_contains_paid_content":false,"footnotes":""},"categories":[109,47],"tags":[148],"class_list":["post-8797","post","type-post","status-publish","format-standard","has-post-thumbnail","hentry","category-minuto-a-minuto","category-zona-gris","tag-oaxaca-de-juarez"],"jetpack_featured_media_url":"https:\/\/zonaroja.com.mx\/wp-content\/uploads\/2020\/02\/IMG_9015.jpg","jetpack_sharing_enabled":true,"_links":{"self":[{"href":"https:\/\/zonaroja.com.mx\/index.php?rest_route=\/wp\/v2\/posts\/8797","targetHints":{"allow":["GET"]}}],"collection":[{"href":"https:\/\/zonaroja.com.mx\/index.php?rest_route=\/wp\/v2\/posts"}],"about":[{"href":"https:\/\/zonaroja.com.mx\/index.php?rest_route=\/wp\/v2\/types\/post"}],"author":[{"embeddable":true,"href":"https:\/\/zonaroja.com.mx\/index.php?rest_route=\/wp\/v2\/users\/2"}],"replies":[{"embeddable":true,"href":"https:\/\/zonaroja.com.mx\/index.php?rest_route=%2Fwp%2Fv2%2Fcomments&post=8797"}],"version-history":[{"count":1,"href":"https:\/\/zonaroja.com.mx\/index.php?rest_route=\/wp\/v2\/posts\/8797\/revisions"}],"predecessor-version":[{"id":8799,"href":"https:\/\/zonaroja.com.mx\/index.php?rest_route=\/wp\/v2\/posts\/8797\/revisions\/8799"}],"wp:featuredmedia":[{"embeddable":true,"href":"https:\/\/zonaroja.com.mx\/index.php?rest_route=\/wp\/v2\/media\/8798"}],"wp:attachment":[{"href":"https:\/\/zonaroja.com.mx\/index.php?rest_route=%2Fwp%2Fv2%2Fmedia&parent=8797"}],"wp:term":[{"taxonomy":"category","embeddable":true,"href":"https:\/\/zonaroja.com.mx\/index.php?rest_route=%2Fwp%2Fv2%2Fcategories&post=8797"},{"taxonomy":"post_tag","embeddable":true,"href":"https:\/\/zonaroja.com.mx\/index.php?rest_route=%2Fwp%2Fv2%2Ftags&post=8797"}],"curies":[{"name":"wp","href":"https:\/\/api.w.org\/{rel}","templated":true}]}}