{"id":87974,"date":"2025-12-13T17:57:00","date_gmt":"2025-12-13T23:57:00","guid":{"rendered":"https:\/\/zonaroja.com.mx\/?p=87974"},"modified":"2025-12-13T08:00:40","modified_gmt":"2025-12-13T14:00:40","slug":"dan-219-anos-de-prision-a-secuestradores-que-se-hicieron-pasar-por-policias-federales","status":"publish","type":"post","link":"https:\/\/zonaroja.com.mx\/?p=87974","title":{"rendered":"Dan 219 a\u00f1os de prisi\u00f3n a secuestradores que se hicieron pasar por polic\u00edas federales"},"content":{"rendered":"\n<p>Redacci\u00f3n\/Zona Roja.&nbsp;<\/p>\n\n\n\n<p>Oaxaca, Oax., a 13 de diciembre de 2025.- La Fiscal\u00eda General del Estado de Oaxaca (FGEO) obtuvo diversas sentencias condenatorias que suman 210 a\u00f1os de prisi\u00f3n en contra de tres personas del sexo masculino identificadas como Carlos E.F.S., Juan M.M.A., y Jos\u00e9 L.L.R., por su responsabilidad en la comisi\u00f3n del delito de secuestro agravado cometido en agravio de R.N.S., ocurrido en la regi\u00f3n de los Valles Centrales.<\/p>\n\n\n\n<p>De acuerdo con el expediente penal, los hechos sucedieron el 6 de octubre de 2008, cuando la v\u00edctima -un hombre de iniciales R.N.S.-, al llegar a su domicilio ubicado en calles de Santa Rosa de la ciudad de Oaxaca, fue interceptado por un grupo de hombres armados que se trasladaba en una camioneta tipo Pontiac blanca, vestidos con uniformes ap\u00f3crifos de la extinta Polic\u00eda Federal Preventiva (PFP).<\/p>\n\n\n\n<p>La v\u00edctima fue subida a la fuerza a la unidad de motor y los responsables le advert\u00edan que la acci\u00f3n se deb\u00eda a la falta de pago de una \u00abcuota\u00bb. Mientras era trasladado a otro sitio, los imputados empezaron a hacer contacto con los familiares para solicitar el pago de un rescate.<\/p>\n\n\n\n<p>Durante su cautiverio, la v\u00edctima fue trasladada a diferentes \u00abcasas de seguridad\u00bb, una de ellas llamada \u00abla casa de la palapa\u00bb ubicada en San Jacinto Amilpas, municipio conurbado a la ciudad de Oaxaca donde lo mantuvieron vendado de los ojos y amarrado con una cadena.<\/p>\n\n\n\n<p>Los secuestradores, identificados con los alias de \u00abEl Jefe\u00bb, \u00abEl Kiko\u00bb, o \u00abEl Comandante\u00bb, \u00abFercho\u00bb y \u00abEl Bagre\u00bb, ejercieron violencia f\u00edsica contra \u00e9l, d\u00e1ndole golpes con una tabla en el cuerpo, someti\u00e9ndolo a interrogatorios sobre propiedades y dinero.<\/p>\n\n\n\n<p>El expediente detalla que los captores, una vez que contactaron a la familia, exigieron un rescate de dos millones de pesos para la liberaci\u00f3n. Posteriormente, la v\u00edctima fue liberada, siendo abandonada en la cajuela de un veh\u00edculo Volkswagen donde fue rescatada.<\/p>\n\n\n\n<p>Ante estos hechos, la Fiscal\u00eda General del Estado de Oaxaca, a trav\u00e9s de la&nbsp; Vicefiscal\u00eda General de Control Regional, realiz\u00f3 las investigaciones correspondientes que permitieron obtener los indicios necesarios para aprender y presentar ante el Juez a los tres imputados.<\/p>\n\n\n\n<p>Tras valorar los datos de prueba presentados por la FGEO, el Juez que atiende la causa dict\u00f3 una sentencia condenatoria en contra de Carlos E.F.S., Juan M.M.A., y Jos\u00e9 L.L.R., a quienes dict\u00f3 una pena de 70 a\u00f1os de prisi\u00f3n contra cada uno de ellos por su responsabilidad en la comisi\u00f3n del delito de secuestro agravado, adem\u00e1s de imponer un pago por concepto de reparaci\u00f3n del da\u00f1o material y moral integral a favor del ofendido.<\/p>\n\n\n\n<p>Es importante mencionar que por estos hechos hay otra persona procesada identificada como J.A.C.T., su caso se encuentra bajo amparo en lo que se contin\u00faa en la siguiente etapa para resolver su situaci\u00f3n jur\u00eddica.<\/p>\n\n\n\n<p>La Fiscal\u00eda General de Oaxaca refrenda su compromiso de seguir trabajando para brindar atenci\u00f3n a los casos de delitos de alto impacto y as\u00ed, garantizar a las v\u00edctimas directas e indirectas un adecuado acceso a los procesos de procuraci\u00f3n de justicia.<\/p>\n","protected":false},"excerpt":{"rendered":"<p>Redacci\u00f3n\/Zona Roja.&nbsp; Oaxaca, Oax., a 13 de diciembre de 2025.- La Fiscal\u00eda General del Estado&hellip;<\/p>\n","protected":false},"author":2,"featured_media":87975,"comment_status":"closed","ping_status":"open","sticky":false,"template":"","format":"standard","meta":{"_lmt_disableupdate":"","_lmt_disable":"","_jetpack_memberships_contains_paid_content":false,"footnotes":""},"categories":[109,46],"tags":[494],"class_list":["post-87974","post","type-post","status-publish","format-standard","has-post-thumbnail","hentry","category-minuto-a-minuto","category-zona-blanca","tag-fiscalia-general-del-estado-de-oaxaca"],"jetpack_featured_media_url":"https:\/\/zonaroja.com.mx\/wp-content\/uploads\/2025\/12\/Secuestradores-sentenciados-Oaxaca.jpg","jetpack_sharing_enabled":true,"_links":{"self":[{"href":"https:\/\/zonaroja.com.mx\/index.php?rest_route=\/wp\/v2\/posts\/87974","targetHints":{"allow":["GET"]}}],"collection":[{"href":"https:\/\/zonaroja.com.mx\/index.php?rest_route=\/wp\/v2\/posts"}],"about":[{"href":"https:\/\/zonaroja.com.mx\/index.php?rest_route=\/wp\/v2\/types\/post"}],"author":[{"embeddable":true,"href":"https:\/\/zonaroja.com.mx\/index.php?rest_route=\/wp\/v2\/users\/2"}],"replies":[{"embeddable":true,"href":"https:\/\/zonaroja.com.mx\/index.php?rest_route=%2Fwp%2Fv2%2Fcomments&post=87974"}],"version-history":[{"count":1,"href":"https:\/\/zonaroja.com.mx\/index.php?rest_route=\/wp\/v2\/posts\/87974\/revisions"}],"predecessor-version":[{"id":87976,"href":"https:\/\/zonaroja.com.mx\/index.php?rest_route=\/wp\/v2\/posts\/87974\/revisions\/87976"}],"wp:featuredmedia":[{"embeddable":true,"href":"https:\/\/zonaroja.com.mx\/index.php?rest_route=\/wp\/v2\/media\/87975"}],"wp:attachment":[{"href":"https:\/\/zonaroja.com.mx\/index.php?rest_route=%2Fwp%2Fv2%2Fmedia&parent=87974"}],"wp:term":[{"taxonomy":"category","embeddable":true,"href":"https:\/\/zonaroja.com.mx\/index.php?rest_route=%2Fwp%2Fv2%2Fcategories&post=87974"},{"taxonomy":"post_tag","embeddable":true,"href":"https:\/\/zonaroja.com.mx\/index.php?rest_route=%2Fwp%2Fv2%2Ftags&post=87974"}],"curies":[{"name":"wp","href":"https:\/\/api.w.org\/{rel}","templated":true}]}}