{"id":87978,"date":"2025-12-13T13:41:22","date_gmt":"2025-12-13T19:41:22","guid":{"rendered":"https:\/\/zonaroja.com.mx\/?p=87978"},"modified":"2025-12-13T13:41:22","modified_gmt":"2025-12-13T19:41:22","slug":"hallan-a-dos-ejecutados-y-embolsados-en-valles-centrales-de-oaxaca","status":"publish","type":"post","link":"https:\/\/zonaroja.com.mx\/?p=87978","title":{"rendered":"Hallan a dos ejecutados y embolsados en Valles Centrales de Oaxaca&nbsp;"},"content":{"rendered":"\n<p>Ismael Garc\u00eda M.\/Zona Roja.&nbsp;<\/p>\n\n\n\n<p>Oaxaca, Oax., a 13 de diciembre de 2025.- Dos cuerpos sin vida, presuntamente ejecutados a balazos, fueron hallados este s\u00e1bado en poblaciones de la regi\u00f3n Valles Centrales de Oaxaca.&nbsp;<\/p>\n\n\n\n<p>De manera preliminar, seg\u00fan informes policiacos, se trata de un hombre y una mujer, localizados en un camino de terracer\u00eda en los l\u00edmites de los municipios de Santo Domingo Tomaltepec con Tlalixtac de Cabrera.&nbsp;<\/p>\n\n\n\n<p>Las v\u00edctimas a\u00fan no han sido identificadas y se encuentran en el interior de bolsas de color negro.&nbsp;<\/p>\n\n\n\n<p>Fueron polic\u00edas de Tlalixtac quienes efectuaron el hallazgo la ma\u00f1ana de hoy, tras lo cual dieron aviso a la Fiscal\u00eda General del Estado de Oaxaca.&nbsp;<\/p>\n\n\n\n<p>Peritos y agentes de investigaci\u00f3n contin\u00faan con las labores con la finalidad de esclarecer el doble homicidio.&nbsp;<\/p>\n","protected":false},"excerpt":{"rendered":"<p>Ismael Garc\u00eda M.\/Zona Roja.&nbsp; Oaxaca, Oax., a 13 de diciembre de 2025.- Dos cuerpos sin&hellip;<\/p>\n","protected":false},"author":2,"featured_media":87977,"comment_status":"closed","ping_status":"open","sticky":false,"template":"","format":"standard","meta":{"_lmt_disableupdate":"","_lmt_disable":"","_jetpack_memberships_contains_paid_content":false,"footnotes":""},"categories":[109,51],"tags":[4168,1259],"class_list":["post-87978","post","type-post","status-publish","format-standard","has-post-thumbnail","hentry","category-minuto-a-minuto","category-zona-roja","tag-el-chavo-felix","tag-tlalixtac-de-cabrera"],"jetpack_featured_media_url":"https:\/\/zonaroja.com.mx\/wp-content\/uploads\/2025\/12\/img_5580.jpg","jetpack_sharing_enabled":true,"_links":{"self":[{"href":"https:\/\/zonaroja.com.mx\/index.php?rest_route=\/wp\/v2\/posts\/87978","targetHints":{"allow":["GET"]}}],"collection":[{"href":"https:\/\/zonaroja.com.mx\/index.php?rest_route=\/wp\/v2\/posts"}],"about":[{"href":"https:\/\/zonaroja.com.mx\/index.php?rest_route=\/wp\/v2\/types\/post"}],"author":[{"embeddable":true,"href":"https:\/\/zonaroja.com.mx\/index.php?rest_route=\/wp\/v2\/users\/2"}],"replies":[{"embeddable":true,"href":"https:\/\/zonaroja.com.mx\/index.php?rest_route=%2Fwp%2Fv2%2Fcomments&post=87978"}],"version-history":[{"count":1,"href":"https:\/\/zonaroja.com.mx\/index.php?rest_route=\/wp\/v2\/posts\/87978\/revisions"}],"predecessor-version":[{"id":87979,"href":"https:\/\/zonaroja.com.mx\/index.php?rest_route=\/wp\/v2\/posts\/87978\/revisions\/87979"}],"wp:featuredmedia":[{"embeddable":true,"href":"https:\/\/zonaroja.com.mx\/index.php?rest_route=\/wp\/v2\/media\/87977"}],"wp:attachment":[{"href":"https:\/\/zonaroja.com.mx\/index.php?rest_route=%2Fwp%2Fv2%2Fmedia&parent=87978"}],"wp:term":[{"taxonomy":"category","embeddable":true,"href":"https:\/\/zonaroja.com.mx\/index.php?rest_route=%2Fwp%2Fv2%2Fcategories&post=87978"},{"taxonomy":"post_tag","embeddable":true,"href":"https:\/\/zonaroja.com.mx\/index.php?rest_route=%2Fwp%2Fv2%2Ftags&post=87978"}],"curies":[{"name":"wp","href":"https:\/\/api.w.org\/{rel}","templated":true}]}}