{"id":87989,"date":"2025-12-14T09:45:00","date_gmt":"2025-12-14T15:45:00","guid":{"rendered":"https:\/\/zonaroja.com.mx\/?p=87989"},"modified":"2025-12-14T06:27:56","modified_gmt":"2025-12-14T12:27:56","slug":"avala-el-ieepco-instalacion-de-consejos-distritales-para-revocacion-de-mandato","status":"publish","type":"post","link":"https:\/\/zonaroja.com.mx\/?p=87989","title":{"rendered":"Avala el IEEPCO instalaci\u00f3n de consejos distritales para Revocaci\u00f3n de Mandato"},"content":{"rendered":"\n<p>Redacci\u00f3n\/Zona Roja.<\/p>\n\n\n\n<p>Oaxaca, Oax., a 14 de diciembre de 2025.- El Consejo General del Instituto Estatal Electoral y de Participaci\u00f3n Ciudadana de Oaxaca (IEEPCO) celebr\u00f3 este s\u00e1bado una sesi\u00f3n extraordinaria urgente, en la que se aprobaron diversos acuerdos relacionados con los trabajos previos para la organizaci\u00f3n del Proceso de Revocaci\u00f3n de Mandato de la persona titular de la Gubernatura del Estado de Oaxaca, para el periodo constitucional 2022-2028, en su caso y dict\u00e1menes para incentivos al personal del Servicios Profesional Electoral Nacional.&nbsp;<\/p>\n\n\n\n<p>Durante la sesi\u00f3n, las consejeras y los consejeros electorales analizaron y aprobaron el acuerdo que contiene las propuestas definitivas para la integraci\u00f3n de los 25 Consejos Distritales que fungir\u00e1n en la organizaci\u00f3n, desarrollo y vigilancia del Proceso de Revocaci\u00f3n de Mandato de la persona titular de la Gubernatura del Estado de Oaxaca.<\/p>\n\n\n\n<p>Asimismo avalaron la estrategia de integraci\u00f3n, asistencia y capacitaci\u00f3n de las Mesas Directivas de Casilla para la Revocaci\u00f3n de Mandato en Oaxaca y &nbsp;la metodolog\u00eda para la realizaci\u00f3n del monitoreo de medios impresos, as\u00ed como de los programas en radio, televisi\u00f3n e internet que difundan noticias para el mismo fin.&nbsp;<\/p>\n\n\n\n<p>En ese mismo orden de ideas coincidieron en solicitar al Instituto Nacional Electoral (INE) la asignaci\u00f3n de tiempo en radio y televisi\u00f3n para la difusi\u00f3n del procedimiento de Revocaci\u00f3n de Mandato 2025-2026, en el Estado de Oaxaca.<\/p>\n\n\n\n<p>Para finalizar, aprobaron los dict\u00e1menes de otorgamiento de incentivos por rendimiento y por obtenci\u00f3n de grado acad\u00e9mico al personal del Servicio Profesional Electoral Nacional adscrito al IEEPCO, correspondiente al ejercicio valorado 2024.<\/p>\n\n\n\n<p>Durante esta sesi\u00f3n virtual participaron la consejera presidenta, Elizabeth S\u00e1nchez Gonz\u00e1lez; las consejeras electorales Jessica Jazibe Hern\u00e1ndez Garc\u00eda, Zaira Alhel\u00ed Hip\u00f3lito L\u00f3pez, Ana Mar\u00eda M\u00e1rquez Andr\u00e9s y Gabriela Fernanda Espinoza Blancas; los consejeros electorales Alejandro Carrasco Sampedro y Manuel Cort\u00e9s Muriedas; as\u00ed como el secretario ejecutivo, Graciano Alejandro Prats Rojas, y las representaciones de los partidos pol\u00edticos.<\/p>\n","protected":false},"excerpt":{"rendered":"<p>Redacci\u00f3n\/Zona Roja. Oaxaca, Oax., a 14 de diciembre de 2025.- El Consejo General del Instituto&hellip;<\/p>\n","protected":false},"author":2,"featured_media":68124,"comment_status":"closed","ping_status":"open","sticky":false,"template":"","format":"standard","meta":{"_lmt_disableupdate":"","_lmt_disable":"","_jetpack_memberships_contains_paid_content":false,"footnotes":""},"categories":[109,46],"tags":[2932,4482],"class_list":["post-87989","post","type-post","status-publish","format-standard","has-post-thumbnail","hentry","category-minuto-a-minuto","category-zona-blanca","tag-instituto-estatal-electoral-y-de-participacion-ciudadana-de-oaxaca-ieepco","tag-proceso-de-revocacion-de-mandato"],"jetpack_featured_media_url":"https:\/\/zonaroja.com.mx\/wp-content\/uploads\/2024\/05\/IEEPCO-1.jpg","jetpack_sharing_enabled":true,"_links":{"self":[{"href":"https:\/\/zonaroja.com.mx\/index.php?rest_route=\/wp\/v2\/posts\/87989","targetHints":{"allow":["GET"]}}],"collection":[{"href":"https:\/\/zonaroja.com.mx\/index.php?rest_route=\/wp\/v2\/posts"}],"about":[{"href":"https:\/\/zonaroja.com.mx\/index.php?rest_route=\/wp\/v2\/types\/post"}],"author":[{"embeddable":true,"href":"https:\/\/zonaroja.com.mx\/index.php?rest_route=\/wp\/v2\/users\/2"}],"replies":[{"embeddable":true,"href":"https:\/\/zonaroja.com.mx\/index.php?rest_route=%2Fwp%2Fv2%2Fcomments&post=87989"}],"version-history":[{"count":1,"href":"https:\/\/zonaroja.com.mx\/index.php?rest_route=\/wp\/v2\/posts\/87989\/revisions"}],"predecessor-version":[{"id":87990,"href":"https:\/\/zonaroja.com.mx\/index.php?rest_route=\/wp\/v2\/posts\/87989\/revisions\/87990"}],"wp:featuredmedia":[{"embeddable":true,"href":"https:\/\/zonaroja.com.mx\/index.php?rest_route=\/wp\/v2\/media\/68124"}],"wp:attachment":[{"href":"https:\/\/zonaroja.com.mx\/index.php?rest_route=%2Fwp%2Fv2%2Fmedia&parent=87989"}],"wp:term":[{"taxonomy":"category","embeddable":true,"href":"https:\/\/zonaroja.com.mx\/index.php?rest_route=%2Fwp%2Fv2%2Fcategories&post=87989"},{"taxonomy":"post_tag","embeddable":true,"href":"https:\/\/zonaroja.com.mx\/index.php?rest_route=%2Fwp%2Fv2%2Ftags&post=87989"}],"curies":[{"name":"wp","href":"https:\/\/api.w.org\/{rel}","templated":true}]}}