{"id":87991,"date":"2025-12-14T09:45:00","date_gmt":"2025-12-14T15:45:00","guid":{"rendered":"https:\/\/zonaroja.com.mx\/?p=87991"},"modified":"2025-12-14T06:37:26","modified_gmt":"2025-12-14T12:37:26","slug":"indagan-el-asesinato-de-una-mujer-y-un-joven-en-la-costa-oaxaquena","status":"publish","type":"post","link":"https:\/\/zonaroja.com.mx\/?p=87991","title":{"rendered":"Indagan el asesinato de una mujer y un joven en la Costa oaxaque\u00f1a"},"content":{"rendered":"\n<p>Ismael Garc\u00eda M.\/Zona Roja.<\/p>\n\n\n\n<p>Oaxaca, Oax., a 14 de diciembre de 2025.- La Fiscal\u00eda General del Estado de Oaxaca, a trav\u00e9s de la Vicefiscal\u00eda Regional de la Costa, indaga dos cr\u00edmenes ocurridos el pasado viernes en Santa Mar\u00eda Cortijo.<\/p>\n\n\n\n<p>En dicho municipio fueron ultimados a balazos una mujer y un hombre, de aproximadamente 18 y 19 a\u00f1os de edad, respectivamente, y hasta el momento se desconoce la identidad de las v\u00edctimas.<\/p>\n\n\n\n<p>Seg\u00fan informes preliminares, disfrutaban de la fiesta en honor a la virgen de Guadalupe cuando fueron atacados a balazos, donde ademas hubo otra persona lesionada; a\u00fan se desconocen las causas del doble homicidio.<\/p>\n\n\n\n<p>Ese mismo d\u00eda viernes 12 de diciembre, pero en el municipio de San Juan Colorado, fueron atacados a balazos dos personas; un individuo perdi\u00f3 la vida mientras que una femenina result\u00f3 gravemente lesionada.<\/p>\n\n\n\n<p>La agresi\u00f3n ocurri\u00f3 en el camino local de Santa Mar\u00eda Nut\u00edo, San Juan Colorado, hacia el municipio de San Agust\u00edn Chayuco, cuando la pareja transitaba a bordo de una motocicleta; la v\u00edctima fatal era originaria de la comunidad de La Soledad.<\/p>\n\n\n\n<p>Tambi\u00e9n se desconocen las causas de este ataque armado y las indagatorias contin\u00faan por parte de la Vicefiscal\u00eda Regional de la Costa.<\/p>\n","protected":false},"excerpt":{"rendered":"<p>Ismael Garc\u00eda M.\/Zona Roja. Oaxaca, Oax., a 14 de diciembre de 2025.- La Fiscal\u00eda General&hellip;<\/p>\n","protected":false},"author":2,"featured_media":69717,"comment_status":"closed","ping_status":"open","sticky":false,"template":"","format":"standard","meta":{"_lmt_disableupdate":"","_lmt_disable":"","_jetpack_memberships_contains_paid_content":false,"footnotes":""},"categories":[109,51],"tags":[3955],"class_list":["post-87991","post","type-post","status-publish","format-standard","has-post-thumbnail","hentry","category-minuto-a-minuto","category-zona-roja","tag-santa-maria-cortijo"],"jetpack_featured_media_url":"https:\/\/zonaroja.com.mx\/wp-content\/uploads\/2024\/06\/Escena-del-crimen-asesinato.jpeg","jetpack_sharing_enabled":true,"_links":{"self":[{"href":"https:\/\/zonaroja.com.mx\/index.php?rest_route=\/wp\/v2\/posts\/87991","targetHints":{"allow":["GET"]}}],"collection":[{"href":"https:\/\/zonaroja.com.mx\/index.php?rest_route=\/wp\/v2\/posts"}],"about":[{"href":"https:\/\/zonaroja.com.mx\/index.php?rest_route=\/wp\/v2\/types\/post"}],"author":[{"embeddable":true,"href":"https:\/\/zonaroja.com.mx\/index.php?rest_route=\/wp\/v2\/users\/2"}],"replies":[{"embeddable":true,"href":"https:\/\/zonaroja.com.mx\/index.php?rest_route=%2Fwp%2Fv2%2Fcomments&post=87991"}],"version-history":[{"count":1,"href":"https:\/\/zonaroja.com.mx\/index.php?rest_route=\/wp\/v2\/posts\/87991\/revisions"}],"predecessor-version":[{"id":87992,"href":"https:\/\/zonaroja.com.mx\/index.php?rest_route=\/wp\/v2\/posts\/87991\/revisions\/87992"}],"wp:featuredmedia":[{"embeddable":true,"href":"https:\/\/zonaroja.com.mx\/index.php?rest_route=\/wp\/v2\/media\/69717"}],"wp:attachment":[{"href":"https:\/\/zonaroja.com.mx\/index.php?rest_route=%2Fwp%2Fv2%2Fmedia&parent=87991"}],"wp:term":[{"taxonomy":"category","embeddable":true,"href":"https:\/\/zonaroja.com.mx\/index.php?rest_route=%2Fwp%2Fv2%2Fcategories&post=87991"},{"taxonomy":"post_tag","embeddable":true,"href":"https:\/\/zonaroja.com.mx\/index.php?rest_route=%2Fwp%2Fv2%2Ftags&post=87991"}],"curies":[{"name":"wp","href":"https:\/\/api.w.org\/{rel}","templated":true}]}}