{"id":87996,"date":"2025-12-14T10:30:00","date_gmt":"2025-12-14T16:30:00","guid":{"rendered":"https:\/\/zonaroja.com.mx\/?p=87996"},"modified":"2025-12-14T06:48:27","modified_gmt":"2025-12-14T12:48:27","slug":"aseguran-moto-en-que-viajaban-sicarios-de-funcionario-de-san-jacinto-amilpas","status":"publish","type":"post","link":"https:\/\/zonaroja.com.mx\/?p=87996","title":{"rendered":"Aseguran moto en que viajaban sicarios de funcionario de San Jacinto Amilpas"},"content":{"rendered":"\n<p>Redacci\u00f3n\/Zona Roja.<\/p>\n\n\n\n<p>Oaxaca, Oax., a 14 de diciembre de 2025.- Ante la intervenci\u00f3n inmediata de un equipo coordinado del Mando de Seguridad Metropolitano se logr\u00f3 el aseguramiento de la motocicleta en la que viajaban los probables responsables del homicidio de un funcionario municipal de San Jacinto Amilpas.<\/p>\n\n\n\n<p>El crimen ocurri\u00f3 la noche del pasado viernes en un punto de alcohol\u00edmetro de esta comunidad de los Valles Centrales, adem\u00e1s que los resultados iniciales de las labores ministeriales de la Fiscal\u00eda General del Estado de Oaxaca (FGEO) permiten establecer las l\u00edneas de investigaci\u00f3n para dar con los autores de este delito.<\/p>\n\n\n\n<p>Derivado a los trabajos de la FGEO a trav\u00e9s de la Fiscal\u00eda Especializada para la Atenci\u00f3n a Delitos de Alto Impacto, se logr\u00f3 recabar datos e informaci\u00f3n clave en torno a estos hechos delictivos, por lo que es posible contar con l\u00edneas definidas sobre el m\u00f3vil de este crimen, as\u00ed como la identidad de los responsables.<\/p>\n\n\n\n<p>Adem\u00e1s que, la colaboraci\u00f3n interinstitucional es clave para los avances en la investigaci\u00f3n, por lo que C5 proporcion\u00f3 informaci\u00f3n relevante sobre los hechos.<\/p>\n\n\n\n<p>Fueron elementos de la Polic\u00eda Estatal quienes reaccionaron de manera inmediata, logrando el aseguramiento de la motocicleta en que viajaban los autores materiales, veh\u00edculo que qued\u00f3 a disposici\u00f3n de la Fiscal\u00eda de Oaxaca.<\/p>\n\n\n\n<p>Los hechos ocurrieron la noche del viernes 12 de diciembre de 2025, en el punto de alcohol\u00edmetro establecido sobre riberas del r\u00edo \u201cAtoyac\u201d, en la colonia Cuauht\u00e9moc de San Jacinto Amilpas.<\/p>\n\n\n\n<p>En el lugar se encontraba laborando la v\u00edctima, identificado por las iniciales N.H.P., quien se desempe\u00f1aba como empleado municipal, momento en el que dos personas llegaron a bordo de una motocicleta, dirigi\u00e9ndose a la v\u00edctima en contra de quien realizaron disparos de arma de fuego, sufriendo lesiones a consecuencia de las cuales perdi\u00f3 la vida.<\/p>\n\n\n\n<p>La colaboraci\u00f3n interinstitucional en los trabajos ministeriales de la Fiscal\u00eda de Oaxaca, incrementan la eficiencia en la entrega de resultados en cuanto a procuraci\u00f3n de justicia a favor de las v\u00edctimas.<\/p>\n","protected":false},"excerpt":{"rendered":"<p>Redacci\u00f3n\/Zona Roja. Oaxaca, Oax., a 14 de diciembre de 2025.- Ante la intervenci\u00f3n inmediata de&hellip;<\/p>\n","protected":false},"author":2,"featured_media":87997,"comment_status":"closed","ping_status":"open","sticky":false,"template":"","format":"standard","meta":{"_lmt_disableupdate":"","_lmt_disable":"","_jetpack_memberships_contains_paid_content":false,"footnotes":""},"categories":[109,46],"tags":[494,77],"class_list":["post-87996","post","type-post","status-publish","format-standard","has-post-thumbnail","hentry","category-minuto-a-minuto","category-zona-blanca","tag-fiscalia-general-del-estado-de-oaxaca","tag-san-jacinto-amilpas"],"jetpack_featured_media_url":"https:\/\/zonaroja.com.mx\/wp-content\/uploads\/2025\/12\/Moto-asegurada-crimen-San-Jacinto-Amilpas-viernes-Fiscalia.jpg","jetpack_sharing_enabled":true,"_links":{"self":[{"href":"https:\/\/zonaroja.com.mx\/index.php?rest_route=\/wp\/v2\/posts\/87996","targetHints":{"allow":["GET"]}}],"collection":[{"href":"https:\/\/zonaroja.com.mx\/index.php?rest_route=\/wp\/v2\/posts"}],"about":[{"href":"https:\/\/zonaroja.com.mx\/index.php?rest_route=\/wp\/v2\/types\/post"}],"author":[{"embeddable":true,"href":"https:\/\/zonaroja.com.mx\/index.php?rest_route=\/wp\/v2\/users\/2"}],"replies":[{"embeddable":true,"href":"https:\/\/zonaroja.com.mx\/index.php?rest_route=%2Fwp%2Fv2%2Fcomments&post=87996"}],"version-history":[{"count":1,"href":"https:\/\/zonaroja.com.mx\/index.php?rest_route=\/wp\/v2\/posts\/87996\/revisions"}],"predecessor-version":[{"id":87998,"href":"https:\/\/zonaroja.com.mx\/index.php?rest_route=\/wp\/v2\/posts\/87996\/revisions\/87998"}],"wp:featuredmedia":[{"embeddable":true,"href":"https:\/\/zonaroja.com.mx\/index.php?rest_route=\/wp\/v2\/media\/87997"}],"wp:attachment":[{"href":"https:\/\/zonaroja.com.mx\/index.php?rest_route=%2Fwp%2Fv2%2Fmedia&parent=87996"}],"wp:term":[{"taxonomy":"category","embeddable":true,"href":"https:\/\/zonaroja.com.mx\/index.php?rest_route=%2Fwp%2Fv2%2Fcategories&post=87996"},{"taxonomy":"post_tag","embeddable":true,"href":"https:\/\/zonaroja.com.mx\/index.php?rest_route=%2Fwp%2Fv2%2Ftags&post=87996"}],"curies":[{"name":"wp","href":"https:\/\/api.w.org\/{rel}","templated":true}]}}