{"id":88001,"date":"2025-12-14T13:30:00","date_gmt":"2025-12-14T19:30:00","guid":{"rendered":"https:\/\/zonaroja.com.mx\/?p=88001"},"modified":"2025-12-14T07:05:19","modified_gmt":"2025-12-14T13:05:19","slug":"aseguran-probable-huachicol-en-san-miguel-ejutla","status":"publish","type":"post","link":"https:\/\/zonaroja.com.mx\/?p=88001","title":{"rendered":"Aseguran probable \u201chuachicol\u201d en San Miguel, Ejutla"},"content":{"rendered":"\n<p>Redacci\u00f3n\/Zona Roja.&nbsp;<\/p>\n\n\n\n<p>Oaxaca, Oax., a 14 de diciembre de 2025.- Como parte del programa Oaxaca Segura, la Secretar\u00eda de Seguridad y Protecci\u00f3n Ciudadana (SSPC) en coordinaci\u00f3n con la Fiscal\u00eda General de la Rep\u00fablica (FGR), ejecutaron con \u00e9xito una orden de cateo en la regi\u00f3n Valles Centrales.<\/p>\n\n\n\n<p>Los hechos se registraron en un inmueble ubicado en el municipio de San Miguel, Ejutla, donde elementos de la Polic\u00eda Estatal brindaron seguridad perimetral y apoyo operativo al personal federal que llev\u00f3 a cabo la diligencia, la cual concluy\u00f3 con la detenci\u00f3n de una persona del sexo masculino de 46 a\u00f1os.<\/p>\n\n\n\n<p>Tambi\u00e9n se aseguraron 53 bidones de pl\u00e1stico con capacidad de 20 litros, con l\u00edquido con caracter\u00edsticas propias de hidrocarburo; cuatro tambos de 200 litros (tres llenos en su totalidad y uno a un cuarto de su capacidad) con presunto hidrocarburo; diversas mangueras y embudos utilizados presuntamente para la manipulaci\u00f3n del combustible.<\/p>\n\n\n\n<p>Adem\u00e1s, dos camionetas marca Mitsubishi tipo Outlander, color gris, y Ford F150, color verde, con placas de circulaci\u00f3n del estado de Veracruz; c\u00e1maras de seguridad de alta definici\u00f3n y un videograbador (DVR); dinero en efectivo y muestras de l\u00edquidos trasl\u00facidos recabados para su an\u00e1lisis qu\u00edmico.<\/p>\n\n\n\n<p>La persona detenida, los veh\u00edculos, el combustible y los objetos; fueron puestos a disposici\u00f3n de la FGR para dar continuidad a las investigaciones correspondientes y determinar su situaci\u00f3n jur\u00eddica.<\/p>\n","protected":false},"excerpt":{"rendered":"<p>Redacci\u00f3n\/Zona Roja.&nbsp; Oaxaca, Oax., a 14 de diciembre de 2025.- Como parte del programa Oaxaca&hellip;<\/p>\n","protected":false},"author":2,"featured_media":88002,"comment_status":"closed","ping_status":"open","sticky":false,"template":"","format":"standard","meta":{"_lmt_disableupdate":"","_lmt_disable":"","_jetpack_memberships_contains_paid_content":false,"footnotes":""},"categories":[109,46],"tags":[936],"class_list":["post-88001","post","type-post","status-publish","format-standard","has-post-thumbnail","hentry","category-minuto-a-minuto","category-zona-blanca","tag-san-miguel-ejutla"],"jetpack_featured_media_url":"https:\/\/zonaroja.com.mx\/wp-content\/uploads\/2025\/12\/Aseguran-Policia-Estatal-y-FGR-hidrocarburos-vehiculos-y-equipos-de-vigilancia-en-domicilio-de-Valles-Centrales.jpg","jetpack_sharing_enabled":true,"_links":{"self":[{"href":"https:\/\/zonaroja.com.mx\/index.php?rest_route=\/wp\/v2\/posts\/88001","targetHints":{"allow":["GET"]}}],"collection":[{"href":"https:\/\/zonaroja.com.mx\/index.php?rest_route=\/wp\/v2\/posts"}],"about":[{"href":"https:\/\/zonaroja.com.mx\/index.php?rest_route=\/wp\/v2\/types\/post"}],"author":[{"embeddable":true,"href":"https:\/\/zonaroja.com.mx\/index.php?rest_route=\/wp\/v2\/users\/2"}],"replies":[{"embeddable":true,"href":"https:\/\/zonaroja.com.mx\/index.php?rest_route=%2Fwp%2Fv2%2Fcomments&post=88001"}],"version-history":[{"count":1,"href":"https:\/\/zonaroja.com.mx\/index.php?rest_route=\/wp\/v2\/posts\/88001\/revisions"}],"predecessor-version":[{"id":88003,"href":"https:\/\/zonaroja.com.mx\/index.php?rest_route=\/wp\/v2\/posts\/88001\/revisions\/88003"}],"wp:featuredmedia":[{"embeddable":true,"href":"https:\/\/zonaroja.com.mx\/index.php?rest_route=\/wp\/v2\/media\/88002"}],"wp:attachment":[{"href":"https:\/\/zonaroja.com.mx\/index.php?rest_route=%2Fwp%2Fv2%2Fmedia&parent=88001"}],"wp:term":[{"taxonomy":"category","embeddable":true,"href":"https:\/\/zonaroja.com.mx\/index.php?rest_route=%2Fwp%2Fv2%2Fcategories&post=88001"},{"taxonomy":"post_tag","embeddable":true,"href":"https:\/\/zonaroja.com.mx\/index.php?rest_route=%2Fwp%2Fv2%2Ftags&post=88001"}],"curies":[{"name":"wp","href":"https:\/\/api.w.org\/{rel}","templated":true}]}}