{"id":88008,"date":"2025-12-14T14:30:00","date_gmt":"2025-12-14T20:30:00","guid":{"rendered":"https:\/\/zonaroja.com.mx\/?p=88008"},"modified":"2025-12-14T07:11:46","modified_gmt":"2025-12-14T13:11:46","slug":"inicia-fase-regional-del-concurso-de-composicion-de-la-cancion-oaxaquena","status":"publish","type":"post","link":"https:\/\/zonaroja.com.mx\/?p=88008","title":{"rendered":"Inicia fase regional del\u00a0 Concurso de Composici\u00f3n de la Canci\u00f3n Oaxaque\u00f1a\u00a0"},"content":{"rendered":"\n<p>Redacci\u00f3n\/Zona Roja.&nbsp;<\/p>\n\n\n\n<p>Oaxaca, Oax., a 14 de diciembre de 2025.- La Secretar\u00eda de Culturas y Artes (Seculta) inici\u00f3 la fase regional del Segundo Concurso de Composici\u00f3n de la Canci\u00f3n Oaxaque\u00f1a \u201cCanto de mi Tierra\u201d 2025, que se lleva a cabo del 13 al 21 de diciembre en distintas regiones del estado.<\/p>\n\n\n\n<p>El certamen comenz\u00f3 en el Istmo de Tehuantepec, en el municipio de Ciudad Ixtepec, con la participaci\u00f3n de 13 personas compositoras. Este mismo d\u00eda, por la tarde, la regi\u00f3n Cuenca del Papaloapan tendr\u00e1 como sede el municipio de Loma Bonita, donde competir\u00e1n seis participantes.<\/p>\n\n\n\n<p>Este 14 de diciembre, las actividades continuar\u00e1n en la Mixteca, en la Heroica Ciudad de Huajuapan de Le\u00f3n con 11 concursantes, y en la Costa, en San Pedro Pochutla, con el mismo n\u00famero de artistas.<\/p>\n\n\n\n<p>La fase regional seguir\u00e1 el 18 de diciembre en la Sierra de Flores Mag\u00f3n, en Huautla de Jim\u00e9nez; el 20 de diciembre en la Sierra Sur, en la Heroica Ciudad de Miahuatl\u00e1n de Porfirio D\u00edaz, as\u00ed como en la Sierra de Ju\u00e1rez, en Guelatao de Ju\u00e1rez.<\/p>\n\n\n\n<p>En tanto, el 21 de diciembre, en San Bartolo Coyotepec, se desarrollar\u00e1n dos bloques de evaluaci\u00f3n correspondientes a Valles Centrales, con 40 participantes inscritos.<\/p>\n\n\n\n<p>Es importante destacar que en cada regi\u00f3n se otorgar\u00e1n premios de 100 mil pesos al primer lugar, 70 mil pesos al segundo y 50 mil pesos al tercero; adem\u00e1s, los primeros lugares de cada regi\u00f3n avanzar\u00e1n a la fase estatal.<\/p>\n\n\n\n<p>La final estatal se llevar\u00e1 a cabo el 27 de diciembre a las 18:00 horas, en la Alameda de Le\u00f3n de Oaxaca de Ju\u00e1rez, y las obras ganadoras ser\u00e1n difundidas en los medios p\u00fablicos del Gobierno del Estado.<\/p>\n","protected":false},"excerpt":{"rendered":"<p>Redacci\u00f3n\/Zona Roja.&nbsp; Oaxaca, Oax., a 14 de diciembre de 2025.- La Secretar\u00eda de Culturas y&hellip;<\/p>\n","protected":false},"author":2,"featured_media":88005,"comment_status":"closed","ping_status":"open","sticky":false,"template":"","format":"standard","meta":{"_lmt_disableupdate":"","_lmt_disable":"","_jetpack_memberships_contains_paid_content":false,"footnotes":""},"categories":[109,46],"tags":[3368],"class_list":["post-88008","post","type-post","status-publish","format-standard","has-post-thumbnail","hentry","category-minuto-a-minuto","category-zona-blanca","tag-secretaria-de-las-culturas-seculta"],"jetpack_featured_media_url":"https:\/\/zonaroja.com.mx\/wp-content\/uploads\/2025\/12\/Inicia-Seculta-fase-regional-del-2o-Concurso-de-Composicion-de-la-Cancion-Oaxaquena-Canto-de-mi-Tierra-2025-2.jpeg","jetpack_sharing_enabled":true,"_links":{"self":[{"href":"https:\/\/zonaroja.com.mx\/index.php?rest_route=\/wp\/v2\/posts\/88008","targetHints":{"allow":["GET"]}}],"collection":[{"href":"https:\/\/zonaroja.com.mx\/index.php?rest_route=\/wp\/v2\/posts"}],"about":[{"href":"https:\/\/zonaroja.com.mx\/index.php?rest_route=\/wp\/v2\/types\/post"}],"author":[{"embeddable":true,"href":"https:\/\/zonaroja.com.mx\/index.php?rest_route=\/wp\/v2\/users\/2"}],"replies":[{"embeddable":true,"href":"https:\/\/zonaroja.com.mx\/index.php?rest_route=%2Fwp%2Fv2%2Fcomments&post=88008"}],"version-history":[{"count":1,"href":"https:\/\/zonaroja.com.mx\/index.php?rest_route=\/wp\/v2\/posts\/88008\/revisions"}],"predecessor-version":[{"id":88009,"href":"https:\/\/zonaroja.com.mx\/index.php?rest_route=\/wp\/v2\/posts\/88008\/revisions\/88009"}],"wp:featuredmedia":[{"embeddable":true,"href":"https:\/\/zonaroja.com.mx\/index.php?rest_route=\/wp\/v2\/media\/88005"}],"wp:attachment":[{"href":"https:\/\/zonaroja.com.mx\/index.php?rest_route=%2Fwp%2Fv2%2Fmedia&parent=88008"}],"wp:term":[{"taxonomy":"category","embeddable":true,"href":"https:\/\/zonaroja.com.mx\/index.php?rest_route=%2Fwp%2Fv2%2Fcategories&post=88008"},{"taxonomy":"post_tag","embeddable":true,"href":"https:\/\/zonaroja.com.mx\/index.php?rest_route=%2Fwp%2Fv2%2Ftags&post=88008"}],"curies":[{"name":"wp","href":"https:\/\/api.w.org\/{rel}","templated":true}]}}