{"id":88013,"date":"2025-12-15T07:15:00","date_gmt":"2025-12-15T13:15:00","guid":{"rendered":"https:\/\/zonaroja.com.mx\/?p=88013"},"modified":"2025-12-15T06:34:36","modified_gmt":"2025-12-15T12:34:36","slug":"asciende-a-16-las-personas-asesinadas-en-un-tiroteo-contra-en-australia","status":"publish","type":"post","link":"https:\/\/zonaroja.com.mx\/?p=88013","title":{"rendered":"Asciende a 16 las personas asesinadas en un tiroteo contra en Australia"},"content":{"rendered":"\n<p>Redacci\u00f3n\/Zona Roja Cdmx.<\/p>\n\n\n\n<p>(Informaci\u00f3n de AP en \u201cLa Jornada\u201d)<\/p>\n\n\n\n<p>Ciudad de M\u00e9xico, a 15 de diciembre de 2025.- Dos hombres mataron a tiros a 16 personas e hirieron al menos a otras 40, este domingo en Bondi Beach, en Sidney, una de las playas m\u00e1s populares de Australia durante una celebraci\u00f3n de la festividad jud\u00eda de Januc\u00e1, un ataque calificado de \u00abterrorista\u00bb por las autoridades, y condenador por Estados Unidos, Israel, Alemania, Espa\u00f1a e Ir\u00e1n, entre otras naciones.<\/p>\n\n\n\n<p>Horas despu\u00e9s del ataque, el ministro de salud de Nueva Gales del Sur, Ryan Park, confirm\u00f3 que 16 personas murieron en el tiroteo, en declaraciones al programa Today Show inform\u00f3 que entre los fallecidos se encuentra un ni\u00f1o que fue trasladado al Hospital Infantil de S\u00eddney. Cuatro pacientes fueron trasladados a ese hospital.<\/p>\n\n\n\n<p>Uno de los sospechosos del ataque muri\u00f3 y el segundo se encuentra en estado cr\u00edtico, agreg\u00f3 la polic\u00eda.<\/p>\n\n\n\n<p>El primer ministro australiano, Anthony Albanese, declar\u00f3 en un discurso televisado que fue \u00abun ataque dirigido contra los jud\u00edos australianos\u00bb, en el primer d\u00eda de la fiesta de Januc\u00e1, una festividad conocida como la Fiesta de las Luces, que el dirigente dijo que deber\u00eda ser \u00abun d\u00eda de alegr\u00eda, una celebraci\u00f3n de la fe\u00bb.<\/p>\n\n\n\n<p>\u00abUn acto de maldad, antisemitismo y terrorismo que ha golpeado el coraz\u00f3n de nuestra naci\u00f3n\u00bb, a\u00f1adi\u00f3, calificando de \u00abh\u00e9roes\u00bb a los ciudadanos que se enfrentaron a uno de los tiradores y lo desarmaron.<\/p>\n\n\n\n<p>La polic\u00eda calific\u00f3 el tiroteo como un \u00abincidente terrorista\u00bb, y dijo haber encontrado \u00abartefactos explosivos improvisados\u00bb en un veh\u00edculo cerca de la playa vinculado al \u00abdelincuente fallecido\u00bb.<\/p>\n\n\n\n<p>El tiroteo tuvo lugar durante un evento llamado&nbsp;Chanukah by the Sea&nbsp;con motivo de la festividad jud\u00eda de Januc\u00e1, en el que participaban cerca de mil personas, inform\u00f3 la polic\u00eda.<\/p>\n\n\n\n<p>\u00abEscuchamos los disparos. Fue impactante; se sinti\u00f3 como diez minutos de solo &#8216;bang, bang, bang&#8217;. Parec\u00eda un arma potente\u00bb, dijo a Afp Camilo D\u00edaz, un estudiante chileno de 25 a\u00f1os que estaba en el lugar.<\/p>\n\n\n\n<p>ATAQUE CRUEL<\/p>\n\n\n\n<p>El presidente israel\u00ed, Isaac Herzog, conden\u00f3 un \u00abataque cruel contra los jud\u00edos\u00bb y el primer ministro y pr\u00f3fugo de la Corte Penal Internacional, Benjamin Netanyahu, acus\u00f3 al gobierno de Australia de haber \u00abechado le\u00f1a al fuego del antisemitismo\u00bb por haber reconocido al Estado palestino.<\/p>\n\n\n\n<p>El secretario de Estado, Marco Rubio, conden\u00f3 el ataque y afirm\u00f3 que \u00abel antisemitismo no tiene cabida en este mundo\u00bb.<\/p>\n\n\n\n<p>En Reino Unido, el rey Carlos III declar\u00f3 que est\u00e1 \u00abconsternado\u00bb y calific\u00f3 la tragedia como \u00abun espantoso ataque terrorista antisemita\u00bb y el jefe del gobierno de Espa\u00f1a, Pedro S\u00e1nchez, llam\u00f3 a \u00abtrabajar sin descanso para erradicar el antisemitismo y el terrorismo\u00bb, en un mensaje en X en ingl\u00e9s.<\/p>\n\n\n\n<p>Bondi Beach, en el este de Sidney, es una de las playas m\u00e1s populares del pa\u00eds y atrae a numerosos ba\u00f1istas especialmente los fines de semana.<\/p>\n\n\n\n<p>Los servicios de emergencia recibieron las primeras llamadas hacia las 18:47 horas, dijo la polic\u00eda.<\/p>\n\n\n\n<p>La colina cubierta de c\u00e9sped que da acceso a Bondi Beach estaba llena de objetos abandonados por personas que huyeron, incluyendo un cochecito de beb\u00e9, indic\u00f3 un periodista de Afp en el lugar.<\/p>\n\n\n\n<p>El personal sanitario atendi\u00f3 a varias personas tiradas en el c\u00e9sped junto a la playa, seg\u00fan im\u00e1genes de la cadena p\u00fablica ABC.<\/p>\n\n\n\n<p>Junto a un \u00e1rbol en la zona yac\u00eda un arma que parec\u00eda ser una escopeta.<\/p>\n\n\n\n<p>Harry Wilson, un residente de 30 a\u00f1os, declar\u00f3 al Sydney Morning Herald que vio \u00abal menos diez personas en el suelo y sangre por todas partes\u00bb.<\/p>\n\n\n\n<p>El jefe de la Asociaci\u00f3n Jud\u00eda de Australia, Robert Gregory, declar\u00f3 que el tiroteo fue \u00abuna tragedia, absolutamente previsible\u00bb y denunci\u00f3 que el gobierno \u00abno tom\u00f3 las medidas adecuadas para proteger a la comunidad jud\u00eda\u00bb.<\/p>\n\n\n\n<p>Tras el ataque de Hamas contra Israel del 7 de octubre de 2023 que desencaden\u00f3 la guerra en Gaza, Australia ha registrado varios ataques antisemitas.<\/p>\n\n\n\n<p>El gobierno australiano acus\u00f3 a Ir\u00e1n de estar detr\u00e1s de ellos y expuls\u00f3 al embajador.<\/p>\n","protected":false},"excerpt":{"rendered":"<p>Redacci\u00f3n\/Zona Roja Cdmx. (Informaci\u00f3n de AP en \u201cLa Jornada\u201d) Ciudad de M\u00e9xico, a 15 de&hellip;<\/p>\n","protected":false},"author":2,"featured_media":88014,"comment_status":"closed","ping_status":"open","sticky":false,"template":"","format":"standard","meta":{"_lmt_disableupdate":"","_lmt_disable":"","_jetpack_memberships_contains_paid_content":false,"footnotes":""},"categories":[109,51],"tags":[4579],"class_list":["post-88013","post","type-post","status-publish","format-standard","has-post-thumbnail","hentry","category-minuto-a-minuto","category-zona-roja","tag-tiroteo-sidney-australia"],"jetpack_featured_media_url":"https:\/\/zonaroja.com.mx\/wp-content\/uploads\/2025\/12\/Tiroteo-playa-Sidney.jpg.webp","jetpack_sharing_enabled":true,"_links":{"self":[{"href":"https:\/\/zonaroja.com.mx\/index.php?rest_route=\/wp\/v2\/posts\/88013","targetHints":{"allow":["GET"]}}],"collection":[{"href":"https:\/\/zonaroja.com.mx\/index.php?rest_route=\/wp\/v2\/posts"}],"about":[{"href":"https:\/\/zonaroja.com.mx\/index.php?rest_route=\/wp\/v2\/types\/post"}],"author":[{"embeddable":true,"href":"https:\/\/zonaroja.com.mx\/index.php?rest_route=\/wp\/v2\/users\/2"}],"replies":[{"embeddable":true,"href":"https:\/\/zonaroja.com.mx\/index.php?rest_route=%2Fwp%2Fv2%2Fcomments&post=88013"}],"version-history":[{"count":1,"href":"https:\/\/zonaroja.com.mx\/index.php?rest_route=\/wp\/v2\/posts\/88013\/revisions"}],"predecessor-version":[{"id":88015,"href":"https:\/\/zonaroja.com.mx\/index.php?rest_route=\/wp\/v2\/posts\/88013\/revisions\/88015"}],"wp:featuredmedia":[{"embeddable":true,"href":"https:\/\/zonaroja.com.mx\/index.php?rest_route=\/wp\/v2\/media\/88014"}],"wp:attachment":[{"href":"https:\/\/zonaroja.com.mx\/index.php?rest_route=%2Fwp%2Fv2%2Fmedia&parent=88013"}],"wp:term":[{"taxonomy":"category","embeddable":true,"href":"https:\/\/zonaroja.com.mx\/index.php?rest_route=%2Fwp%2Fv2%2Fcategories&post=88013"},{"taxonomy":"post_tag","embeddable":true,"href":"https:\/\/zonaroja.com.mx\/index.php?rest_route=%2Fwp%2Fv2%2Ftags&post=88013"}],"curies":[{"name":"wp","href":"https:\/\/api.w.org\/{rel}","templated":true}]}}