{"id":88018,"date":"2025-12-15T09:15:00","date_gmt":"2025-12-15T15:15:00","guid":{"rendered":"https:\/\/zonaroja.com.mx\/?p=88018"},"modified":"2025-12-15T07:54:58","modified_gmt":"2025-12-15T13:54:58","slug":"por-violencia-familiar-y-vicaria-detienen-a-dos-personas-rescatan-a-menor","status":"publish","type":"post","link":"https:\/\/zonaroja.com.mx\/?p=88018","title":{"rendered":"Por violencia familiar y vicaria, detienen a dos personas; rescatan a menor"},"content":{"rendered":"\n<p>Redacci\u00f3n\/Zona Roja.<\/p>\n\n\n\n<p>Oaxaca, Oax., a 15 de diciembre de 2025.- En acciones para combate contra delitos relacionados con la violencia familiar, la Fiscal\u00eda General del Estado de Oaxaca (FGEO) dio cumplimiento a dos \u00f3rdenes de aprehensi\u00f3n que permitieron la detenci\u00f3n de una mujer y un hombre (hermanos), por delitos de violencia familiar y violencia vicaria.<\/p>\n\n\n\n<p>De acuerdo con el informe ministerial de la FGEO, las dos aprehensiones se llevaron a cabo en contra de una mujer y un hombre, identificados como A.R.S y M.R S. (t\u00eda y padre de la v\u00edctima), por los delitos de violencia familiar y violencia vicaria agravada cometidos en contra de una mujer de iniciales M.Y.J.J. y su hija.<\/p>\n\n\n\n<p>La investigaci\u00f3n de este caso, detalla que los hechos ocurrieron el 12 de julio de 2022 en el municipio de Santa Cruz Itundujia y en el Barrio Yutee de Putla Villa de Guerrero, lugar donde M.Y.J.J., fue v\u00edctima de agresiones f\u00edsicas y psicol\u00f3gicas por parte de su agresor (su pareja y padre de su hija).<\/p>\n\n\n\n<p>El informe tambi\u00e9n detalla que despu\u00e9s de un largo tiempo, el d\u00eda 4 de diciembre de 2025, los hoy detenidos habr\u00edan orquestado la sustracci\u00f3n de la hija de la v\u00edctima, ejerciendo con ello, violencia vicaria al utilizar a la menor para causar da\u00f1o emocional a la madre.<\/p>\n\n\n\n<p>Cuando la FGEO tom\u00f3 conocimiento del caso, tras recibir la denuncia, activ\u00f3 los protocolos de investigaci\u00f3n con perspectiva de g\u00e9nero a trav\u00e9s de la Vicefiscal\u00eda Regional de Mixteca que recab\u00f3 las pruebas suficientes que permitieron solicitar las \u00f3rdenes de aprehensi\u00f3n correspondientes.<\/p>\n\n\n\n<p>Una vez localizados, A R.S., y M.R.S., fueron detenidos en calles del municipio de Putla Villa de Guerrero y durante el operativo se logr\u00f3 la recuperaci\u00f3n y salvaguarda de la integridad de la menor de edad.<\/p>\n\n\n\n<p>Ambas personas detenidas se encuentran a disposici\u00f3n de la autoridad judicial en espera de la audiencia de formulaci\u00f3n de imputaci\u00f3n y con ello determinar su situaci\u00f3n jur\u00eddica.<\/p>\n\n\n\n<p>La Fiscal\u00eda de Oaxaca prioriza las investigaciones relacionadas con delitos cometidos contra mujeres, para presentar ante la justicia a los responsables a fin de garantizar el derecho a una vida libre de violencia.<\/p>\n","protected":false},"excerpt":{"rendered":"<p>Redacci\u00f3n\/Zona Roja. Oaxaca, Oax., a 15 de diciembre de 2025.- En acciones para combate contra&hellip;<\/p>\n","protected":false},"author":2,"featured_media":88019,"comment_status":"closed","ping_status":"open","sticky":false,"template":"","format":"standard","meta":{"_lmt_disableupdate":"","_lmt_disable":"","_jetpack_memberships_contains_paid_content":false,"footnotes":""},"categories":[109,46],"tags":[494],"class_list":["post-88018","post","type-post","status-publish","format-standard","has-post-thumbnail","hentry","category-minuto-a-minuto","category-zona-blanca","tag-fiscalia-general-del-estado-de-oaxaca"],"jetpack_featured_media_url":"https:\/\/zonaroja.com.mx\/wp-content\/uploads\/2025\/12\/Detenidos-Costa-violencia-vicaria-Itundujia-Putla-Fiscalia.jpg","jetpack_sharing_enabled":true,"_links":{"self":[{"href":"https:\/\/zonaroja.com.mx\/index.php?rest_route=\/wp\/v2\/posts\/88018","targetHints":{"allow":["GET"]}}],"collection":[{"href":"https:\/\/zonaroja.com.mx\/index.php?rest_route=\/wp\/v2\/posts"}],"about":[{"href":"https:\/\/zonaroja.com.mx\/index.php?rest_route=\/wp\/v2\/types\/post"}],"author":[{"embeddable":true,"href":"https:\/\/zonaroja.com.mx\/index.php?rest_route=\/wp\/v2\/users\/2"}],"replies":[{"embeddable":true,"href":"https:\/\/zonaroja.com.mx\/index.php?rest_route=%2Fwp%2Fv2%2Fcomments&post=88018"}],"version-history":[{"count":1,"href":"https:\/\/zonaroja.com.mx\/index.php?rest_route=\/wp\/v2\/posts\/88018\/revisions"}],"predecessor-version":[{"id":88020,"href":"https:\/\/zonaroja.com.mx\/index.php?rest_route=\/wp\/v2\/posts\/88018\/revisions\/88020"}],"wp:featuredmedia":[{"embeddable":true,"href":"https:\/\/zonaroja.com.mx\/index.php?rest_route=\/wp\/v2\/media\/88019"}],"wp:attachment":[{"href":"https:\/\/zonaroja.com.mx\/index.php?rest_route=%2Fwp%2Fv2%2Fmedia&parent=88018"}],"wp:term":[{"taxonomy":"category","embeddable":true,"href":"https:\/\/zonaroja.com.mx\/index.php?rest_route=%2Fwp%2Fv2%2Fcategories&post=88018"},{"taxonomy":"post_tag","embeddable":true,"href":"https:\/\/zonaroja.com.mx\/index.php?rest_route=%2Fwp%2Fv2%2Ftags&post=88018"}],"curies":[{"name":"wp","href":"https:\/\/api.w.org\/{rel}","templated":true}]}}