{"id":88021,"date":"2025-12-15T11:15:00","date_gmt":"2025-12-15T17:15:00","guid":{"rendered":"https:\/\/zonaroja.com.mx\/?p=88021"},"modified":"2025-12-15T12:08:13","modified_gmt":"2025-12-15T18:08:13","slug":"tres-muertos-en-balacera-en-veracruz-cuatro-asesinados-en-tamaulipas","status":"publish","type":"post","link":"https:\/\/zonaroja.com.mx\/?p=88021","title":{"rendered":"Tres muertos en balacera en Veracruz; cuatro asesinados en Tamaulipas"},"content":{"rendered":"\n<p>Redacci\u00f3n\/Zona Roja Cdmx.<\/p>\n\n\n\n<p>(Informaci\u00f3n de Infobae M\u00e9xico)<\/p>\n\n\n\n<p>Ciudad de M\u00e9xico, a 15 de diciembre de 2025.- Lo que comenz\u00f3 como una reuni\u00f3n de convivencia familiar termin\u00f3 en una tragedia durante la madrugada del domingo 14 de diciembre, en la comunidad de Tebanca en el municipio de Catemaco, al sur de Veracruz. Un hecho de violencia registrado en el medio rural dej\u00f3 como saldo tres personas sin vida y cuatro m\u00e1s gravemente heridas.<\/p>\n\n\n\n<p>De acuerdo con los primeros reportes, el suceso ocurri\u00f3 mientras varias personas conviv\u00edan en una reuni\u00f3n familiar que se desarrollaba durante la noche. Con el paso de las horas, la situaci\u00f3n se torn\u00f3 tensa y deriv\u00f3 en una discusi\u00f3n que escal\u00f3 r\u00e1pidamente.<\/p>\n\n\n\n<p>El incidente caus\u00f3 alarma entre los habitantes de la zona, quienes solicitaron apoyo de las autoridades tras escuchar detonaciones de arma de fuego. La violencia interrumpi\u00f3 de manera intensa un encuentro que en el principio, se desarrollaba en un ambiente de tranquilidad.<\/p>\n\n\n\n<p>De acuerdo con informaci\u00f3n preliminar, la ri\u00f1a se habr\u00eda originado mientras los asistentes consum\u00edan bebidas alcoh\u00f3licas, lo que provoc\u00f3 un conflicto entre integrantes de la misma familia.<\/p>\n\n\n\n<p>Durante la discusi\u00f3n aparecieron armas de fuego y se realizaron varios disparos. En el lugar fueron localizadas tres personas sin vida: dos hombres y una mujer, quienes presentaban impactos de bala y quedaron tendidos en el costado de una camioneta<\/p>\n\n\n\n<p>Adem\u00e1s, cuatro personas resultaron lesionadas, presuntamente tres hombres y una mujer, quienes presentaban heridas de gravedad. Tras ser localizados, recibieron los primeros auxilios y posteriormente fueron trasladados al hospital de Catemaco para recibir atenci\u00f3n m\u00e9dica inmediata.<\/p>\n\n\n\n<p>EN TAMAULIPAS<\/p>\n\n\n\n<p>Tras recibir un reporte por un presunto allanamiento de morada en un taller localizado en el municipio de Reynosa, Tamaulipas, las autoridades hallaron los cuerpos de cuatro personas con heridas de bala.<\/p>\n\n\n\n<p>De acuerdo con reportes, fue alrededor de las 4:00 horas de este s\u00e1bado 13 de diciembre cuando elementos de seguridad se movilizaron al domicilio de la colonia Campestre para atender la emergencia.<\/p>\n\n\n\n<p>La Vocer\u00eda de Seguridad Tamaulipas inform\u00f3 que, al ingresar al taller, los uniformados localizaron a un hombre en el piso, por lo que de inmediato alertaron a las unidades de emergencia y de la Fiscal\u00eda General de Justicia del Estado.<\/p>\n\n\n\n<p>A la llegada de las unidades de investigaci\u00f3n, se localizaron tres hombres y una mujer dentro del domicilio, quienes presentaban heridas de arma de fuego, por lo que se presumi\u00f3 que fue la causa de muerte.<\/p>\n\n\n\n<p>\u201cEl \u00e1rea fue acordonada y se activaron los protocolos correspondientes, inici\u00e1ndose las investigaciones para el esclarecimiento de los hechos\u201d, detall\u00f3 la vocer\u00eda.<\/p>\n","protected":false},"excerpt":{"rendered":"<p>Redacci\u00f3n\/Zona Roja Cdmx. (Informaci\u00f3n de Infobae M\u00e9xico) Ciudad de M\u00e9xico, a 15 de diciembre de&hellip;<\/p>\n","protected":false},"author":2,"featured_media":88022,"comment_status":"closed","ping_status":"open","sticky":false,"template":"","format":"standard","meta":{"_lmt_disableupdate":"","_lmt_disable":"","_jetpack_memberships_contains_paid_content":false,"footnotes":""},"categories":[109,46],"tags":[1746],"class_list":["post-88021","post","type-post","status-publish","format-standard","has-post-thumbnail","hentry","category-minuto-a-minuto","category-zona-blanca","tag-violencia-en-mexico"],"jetpack_featured_media_url":"https:\/\/zonaroja.com.mx\/wp-content\/uploads\/2025\/12\/Escena-crimen-Veracruz.jpg.avif","jetpack_sharing_enabled":true,"_links":{"self":[{"href":"https:\/\/zonaroja.com.mx\/index.php?rest_route=\/wp\/v2\/posts\/88021","targetHints":{"allow":["GET"]}}],"collection":[{"href":"https:\/\/zonaroja.com.mx\/index.php?rest_route=\/wp\/v2\/posts"}],"about":[{"href":"https:\/\/zonaroja.com.mx\/index.php?rest_route=\/wp\/v2\/types\/post"}],"author":[{"embeddable":true,"href":"https:\/\/zonaroja.com.mx\/index.php?rest_route=\/wp\/v2\/users\/2"}],"replies":[{"embeddable":true,"href":"https:\/\/zonaroja.com.mx\/index.php?rest_route=%2Fwp%2Fv2%2Fcomments&post=88021"}],"version-history":[{"count":2,"href":"https:\/\/zonaroja.com.mx\/index.php?rest_route=\/wp\/v2\/posts\/88021\/revisions"}],"predecessor-version":[{"id":88032,"href":"https:\/\/zonaroja.com.mx\/index.php?rest_route=\/wp\/v2\/posts\/88021\/revisions\/88032"}],"wp:featuredmedia":[{"embeddable":true,"href":"https:\/\/zonaroja.com.mx\/index.php?rest_route=\/wp\/v2\/media\/88022"}],"wp:attachment":[{"href":"https:\/\/zonaroja.com.mx\/index.php?rest_route=%2Fwp%2Fv2%2Fmedia&parent=88021"}],"wp:term":[{"taxonomy":"category","embeddable":true,"href":"https:\/\/zonaroja.com.mx\/index.php?rest_route=%2Fwp%2Fv2%2Fcategories&post=88021"},{"taxonomy":"post_tag","embeddable":true,"href":"https:\/\/zonaroja.com.mx\/index.php?rest_route=%2Fwp%2Fv2%2Ftags&post=88021"}],"curies":[{"name":"wp","href":"https:\/\/api.w.org\/{rel}","templated":true}]}}