{"id":88024,"date":"2025-12-15T12:15:00","date_gmt":"2025-12-15T18:15:00","guid":{"rendered":"https:\/\/zonaroja.com.mx\/?p=88024"},"modified":"2025-12-15T09:39:23","modified_gmt":"2025-12-15T15:39:23","slug":"donan-a-oaxaca-documentos-de-la-beata-juana-de-aza-madre-de-santo-domingo-de-guzman","status":"publish","type":"post","link":"https:\/\/zonaroja.com.mx\/?p=88024","title":{"rendered":"Donan a Oaxaca documentos de la beata Juana de Aza, madre de Santo Domingo de Guzm\u00e1n"},"content":{"rendered":"\n<p>Lisbeth Mej\u00eda Reyes\/Zona Roja.<\/p>\n\n\n\n<p>Oaxaca, Oax., a 15 de diciembre de 2025.- La promotora cultural y poeta andaluz Rosana de Aza don\u00f3 a la biblioteca \u201cFray Francisco de Burgoa\u201d, de la Universidad Aut\u00f3noma \u201cBenito Ju\u00e1rez\u201d de Oaxaca (UABJO), una serie de documentos sobre la beata Juana de Aza, de quien es descendiente y quien tambi\u00e9n es conocida por ser madre de santo Domingo de Guzm\u00e1n.<\/p>\n\n\n\n<p>Durante la presentaci\u00f3n de los documentos que estaban en la familia de Aza y que quedar\u00e1n a resguardo de la biblioteca, la tambi\u00e9n investigadora andaluz expres\u00f3 que su llegada a esta biblioteca de Oaxaca fue gracias a un \u00abhilo de la memoria familiar\u00bb, el de saberse descendiente de la beata Juana de Aza (siglo XII), quien fue nieta o bisnieta del primer conde de Castilla, Fern\u00e1n Gonz\u00e1lez.<\/p>\n\n\n\n<p>De Aza coment\u00f3 que hace un a\u00f1o conoci\u00f3 la biblioteca gracias a Arturo L\u00f3pez Ramos, quien tambi\u00e9n le present\u00f3 a Mar\u00eda Isabel Gra\u00f1\u00e9n Porr\u00faa, directora de la biblioteca.&nbsp;<\/p>\n\n\n\n<p>Fue entonces cuando supo que esta biblioteca ser\u00eda el lugar ideal para depositar los grabados que han sido parte de su familia por varias generaciones y que a ella le fueron legados por su madre, actualmente de 94 a\u00f1os.<\/p>\n\n\n\n<p>\u00abEn este colosal edificio, se guarda con todo esplendor la memoria de Santo Domingo de Guzm\u00e1n y con ella la de su madre, la beata Juana de Aza. Al igual que se cura con esmero el soporte que contiene esa historia y sabidur\u00eda, no concibo un mejor lugar para albergar estos grabados que tienen entre 150 y 200 a\u00f1os de antig\u00fcedad que esta biblioteca\u00bb, expres\u00f3 ante personal de la biblioteca y autoridades municipales y estatales.<\/p>\n\n\n\n<p>\u00abY solo me resta a\u00f1adir que no ha habido acto m\u00e1s emotivo, m\u00e1s cercano a mi coraz\u00f3n, de todos los que he tenido el gusto de participar en esta, mi tercera estancia en Oaxaca, que el de esta cesi\u00f3n que con toda humildad hago a esta casa, a esta magna biblioteca Fray Francisco de Burgoa, con much\u00edsimo coraz\u00f3n\u00bb, agreg\u00f3.<\/p>\n\n\n\n<p>La donaci\u00f3n formal de los grabados y de una imprenta fue este 11 de diciembre en las instalaciones de la biblioteca, en una ceremonia a la que asistieron autoridades universitarias, de la Fundaci\u00f3n Alfredo Harp Hel\u00fa Oaxaca, as\u00ed como el presidente municipal de Oaxaca de Ju\u00e1rez, Raymundo Chagoya Villanueva, y el secretario de las Culturas y Artes (Seculta) del gobierno estatal, Flavio Sosa Villavicencio.<\/p>\n\n\n\n<p>A nombre de la directora de la biblioteca, Mar\u00eda Isabel Gra\u00f1\u00e9n Porr\u00faa, el personal de la biblioteca agradeci\u00f3 la donaci\u00f3n que complementa la riqueza bibliogr\u00e1fica, documetal y gr\u00e1fica resguardada en la biblioteca Fray Francisco de Burgoa.<\/p>\n","protected":false},"excerpt":{"rendered":"<p>Lisbeth Mej\u00eda Reyes\/Zona Roja. Oaxaca, Oax., a 15 de diciembre de 2025.- La promotora cultural&hellip;<\/p>\n","protected":false},"author":2,"featured_media":88025,"comment_status":"closed","ping_status":"open","sticky":false,"template":"","format":"standard","meta":{"_lmt_disableupdate":"","_lmt_disable":"","_jetpack_memberships_contains_paid_content":false,"footnotes":""},"categories":[109,46],"tags":[4580],"class_list":["post-88024","post","type-post","status-publish","format-standard","has-post-thumbnail","hentry","category-minuto-a-minuto","category-zona-blanca","tag-rosana-de-aza"],"jetpack_featured_media_url":"https:\/\/zonaroja.com.mx\/wp-content\/uploads\/2025\/12\/Donacion-Rosana-de-Aza-Santo-Domingo.jpg","jetpack_sharing_enabled":true,"_links":{"self":[{"href":"https:\/\/zonaroja.com.mx\/index.php?rest_route=\/wp\/v2\/posts\/88024","targetHints":{"allow":["GET"]}}],"collection":[{"href":"https:\/\/zonaroja.com.mx\/index.php?rest_route=\/wp\/v2\/posts"}],"about":[{"href":"https:\/\/zonaroja.com.mx\/index.php?rest_route=\/wp\/v2\/types\/post"}],"author":[{"embeddable":true,"href":"https:\/\/zonaroja.com.mx\/index.php?rest_route=\/wp\/v2\/users\/2"}],"replies":[{"embeddable":true,"href":"https:\/\/zonaroja.com.mx\/index.php?rest_route=%2Fwp%2Fv2%2Fcomments&post=88024"}],"version-history":[{"count":1,"href":"https:\/\/zonaroja.com.mx\/index.php?rest_route=\/wp\/v2\/posts\/88024\/revisions"}],"predecessor-version":[{"id":88026,"href":"https:\/\/zonaroja.com.mx\/index.php?rest_route=\/wp\/v2\/posts\/88024\/revisions\/88026"}],"wp:featuredmedia":[{"embeddable":true,"href":"https:\/\/zonaroja.com.mx\/index.php?rest_route=\/wp\/v2\/media\/88025"}],"wp:attachment":[{"href":"https:\/\/zonaroja.com.mx\/index.php?rest_route=%2Fwp%2Fv2%2Fmedia&parent=88024"}],"wp:term":[{"taxonomy":"category","embeddable":true,"href":"https:\/\/zonaroja.com.mx\/index.php?rest_route=%2Fwp%2Fv2%2Fcategories&post=88024"},{"taxonomy":"post_tag","embeddable":true,"href":"https:\/\/zonaroja.com.mx\/index.php?rest_route=%2Fwp%2Fv2%2Ftags&post=88024"}],"curies":[{"name":"wp","href":"https:\/\/api.w.org\/{rel}","templated":true}]}}