{"id":88029,"date":"2025-12-15T10:30:00","date_gmt":"2025-12-15T16:30:00","guid":{"rendered":"https:\/\/zonaroja.com.mx\/?p=88029"},"modified":"2025-12-15T10:55:03","modified_gmt":"2025-12-15T16:55:03","slug":"opinion-el-triste-papel-de-la-disminuida-oposicion-en-oaxaca","status":"publish","type":"post","link":"https:\/\/zonaroja.com.mx\/?p=88029","title":{"rendered":"Opini\u00f3n. El triste papel de la disminuida oposici\u00f3n en Oaxaca"},"content":{"rendered":"\n<p>Ismael Garc\u00eda M.\/Zona Roja.<\/p>\n\n\n\n<p>Oaxaca, Oax., a 15 de diciembre de 2025.- La oposici\u00f3n pol\u00edtica a Morena pr\u00e1cticamente no existe en Oaxaca. Y la muy poca que queda, s\u00f3lo hace el rid\u00edculo: critica de dientes para fuera pero complace al poder morenista.<\/p>\n\n\n\n<p>Y no es que la llamada Cuarta Transformaci\u00f3n sea la panacea para los males que aquejan al pa\u00eds; no es que sea un movimiento de pr\u00f3ceres, pulcros hombres y mujeres que trabajan intensamente a favor de M\u00e9xico; no es que sean una nueva generaci\u00f3n de pol\u00edticos que dejaron atr\u00e1s las pr\u00e1cticas de corrupci\u00f3n y malos gobiernos. No.<\/p>\n\n\n\n<p>En realidad, el Partido Morena \u2014en la entidad como en el pa\u00eds\u2014 se ha convertido en una burda imitaci\u00f3n del PRI: copt\u00f3 a todo cuanto quiso, as\u00ed sea sindicatos violentos y ligados con el crimen, con tal de conseguir el poder\u2026 y ahora ese Frankenstein lo est\u00e1 llevando paulatinamente a su tumba.<\/p>\n\n\n\n<p>EL PT<\/p>\n\n\n\n<p>En Oaxaca, el Partido del Trabajo es un coto familiar, que controlan Benjam\u00edn Robles Montoya-Maribel Mart\u00ednez y que tiene no m\u00e1s de un centenar de personas a su servicio.<\/p>\n\n\n\n<p>Entre ellos el diputado local Dante Monta\u00f1o \u2014ex edil de Santa Luc\u00eda del Camino, quien tiene una investigaci\u00f3n en su contra de su paso en el municipio\u2014, No\u00e9 Doroteo, ex legislador que le hered\u00f3 la curul a su esposa Biaani Palomec.<\/p>\n\n\n\n<p>Menci\u00f3n aparte la diputada Irma Pineda, destacada creadora en las letras y que actualmente ocupa una diputaci\u00f3n como petista.<\/p>\n\n\n\n<p>Esa, y unas cuantas presidencias municipales, es toda la fortaleza del PT en Oaxaca.<\/p>\n\n\n\n<p>Y en lugar de hacer proselitismo para ganar m\u00e1s adeptos, Benjam\u00edn Robles, eterno dirigente, ocupa el erario y su tiempo en denostar al titular del Poder Ejecutivo, Salom\u00f3n Jara, con mensajes o declaraciones que a veces rayan en lo absurdo o en el filo de la ley.<\/p>\n\n\n\n<p>Con peligrosas aseveraciones como: \u201cOaxaca est\u00e1 en alerta debido al mal gobierno de Salom\u00f3n Jara. Ciudadan\u00eda indefensa debido a los presuntos v\u00ednculos de Jara con el CR1MEN. De hecho, la plaza est\u00e1 siendo organizada por \u00e9l y sus socios, uno de ellos desde el Senado (X, 8 de diciembre).<\/p>\n\n\n\n<p>\u201cEn d\u00edas de #sorteo, uno se pregunta \u00bfqu\u00e9 estaremos pagando las y los oaxaque\u00f1os para que Salom\u00f3n Jara nos haya tocado como gobernador? El m\u00e1s corrupto de la historia\u201d (X, 5 de diciembre).<\/p>\n\n\n\n<p>A nivel federal, cuenta con una diputada federal, que tambi\u00e9n se ha eternizado en el cargo: Margarita Garc\u00eda Garc\u00eda, quien en lugar de proponer iniciativas a favor de los mexicanos o los oaxaque\u00f1os, su \u00fanico inter\u00e9s es despotricar contra la administraci\u00f3n estatal y financiar a un grupo de bur\u00f3cratas.<\/p>\n\n\n\n<p>\u00bfDel PT se ha escuchado alguna iniciativa o propuesta interesante, relevante, para Oaxaca? A nivel federal nada; a nivel local nada m\u00e1s hay escuchar las sesiones del Congreso, para darse cuenta de las peroratas de Dante Monta\u00f1o, de dientes para fuera, porque a la hora de las votaciones que le interesan a Morena, levanta el dedo a favor.<\/p>\n\n\n\n<p>Por cierto, dos de sus diputadas han formado parte de la Mesa Directiva, como premio a su sumisi\u00f3n al gobierno.<\/p>\n\n\n\n<p>Por cierto tambi\u00e9n, si de honestidad, honradez y valores morales se tratara, como lo presume el PT, deber\u00edan reconocer que el partido alquila una casa de Dante Monta\u00f1o para oficinas.<\/p>\n\n\n\n<p>Y el controvertido petista-morenista, Gerardo Fern\u00e1ndez Noro\u00f1a, ya no hace activismo a favor del PT, pues ahora acompa\u00f1a en la entidad a la senadora por Morena, Luisa Cort\u00e9s en su periplo en busca de la gubernatura.<\/p>\n\n\n\n<p>EL PRI<\/p>\n\n\n\n<p>Como referimos en una ocasi\u00f3n anterior en este mismo espacio de \u201cZona Cr\u00edtica\u201d, el PRI est\u00e1 cada vez m\u00e1s cerca de su tumba, por falta de liderazgo, por ambiciones personales, por nulo trabajo proselitista, por conveniencias\u2026<\/p>\n\n\n\n<p>Dos reuniones de priistas con morenistas, cuyas fotos difundidas la semana pasada ilustra la desesperaci\u00f3n de algunos de ellos por no vivir m\u00e1s en el error, despu\u00e9s de tres a\u00f1os de las mieles del poder.<\/p>\n\n\n\n<p>Junto con No\u00e9 Jara Cruz y otros morenistas, aparecen Javier Villaca\u00f1a, C\u00e1ndido Coheto, Liz Acosta,&nbsp;Elpidio Concha Altamiro, entre otros.<\/p>\n\n\n\n<p>En una de las im\u00e1genes, aparece H\u00e9ctor Pablo Ram\u00edrez, supuestamente militante del Partido Movimiento Ciudadano, pero que hoy tiene un comportamiento m\u00e1s morenista que opositor, como se refleja tambi\u00e9n en el Cabildo de Oaxaca de Ju\u00e1rez, donde es regidor.<\/p>\n\n\n\n<p>El ex priista parece presumir que \u00e9l fue quien llev\u00f3 a los priistas para ponerlos al servicio del morenismo.&nbsp;<\/p>\n\n\n\n<p>Mientras tanto, la dirigente estatal Mar\u00eda del Carmen Ric\u00e1rdez Vela, disfruta de los \u00faltimos meses de las prerrogativas que les dan los oaxaque\u00f1os a trav\u00e9s del Instituto Estatal Electoral.&nbsp;<\/p>\n\n\n\n<p>Nada de labor proselitista, m\u00e1s que una conferencia de prensa semanal en la que, por cierto, critica m\u00e1s la administraci\u00f3n federal de Claudia Sheinbaum que las acciones estatales.<\/p>\n\n\n\n<p>De los dem\u00e1s cuadros nada se sabe; en el Congreso tiene a un diputado local, Javier Casique, ex dirigente priista, pero que obedece ciegamente a los designios morenistas y del Palacio de Gobierno, tanto que fue el autor de la iniciativa para reformar la Ley de Revocaci\u00f3n de Mandato, sin perjudicar al gobierno.<\/p>\n\n\n\n<p>MC Y PAN<\/p>\n\n\n\n<p>\u00bfQu\u00e9 es Movimiento Ciudadano? En Oaxaca nada, absolutamente nada; ni quien conozca a su dirigente estatal siquiera.&nbsp;<\/p>\n\n\n\n<p>En la C\u00e1mara de Diputados local, s\u00f3lo tiene a Alejandra Morlan, que se ha mantenido relativamente congruente con sus se\u00f1alamientos. <\/p>\n\n\n\n<p>Aunque, cuando ha sido necesario, ha votado a favor de iniciativas morenistas. Sin embargo, es una gota de agua en el desierto, pues no tiene ni el acompa\u00f1amiento de su partido ni de ning\u00fan otro liderazgo naranja. <\/p>\n\n\n\n<p>\u00bfAcci\u00f3n Nacional? Ya lo hemos dicho, desapareci\u00f3, a capricho de Natividad D\u00edaz Jim\u00e9nez, que bajo el disfraz de independiente, con todos los beneficios del poder guinda, vota a favor cualquier iniciativa jarista. Ni para disimular hace alguna cr\u00edtica al gobierno. \u00bfLa dirigencia estatal del PAN? Ni quien la conozca.<\/p>\n\n\n\n<p>\u00bfQU\u00c9 SIGUE?<\/p>\n\n\n\n<p>Efectivamente, ya no hay oposici\u00f3n en Oaxaca. Pero eso no quiere decir que Morena sea el partido dominante y todopoderoso por fuerza propia.<\/p>\n\n\n\n<p>Eso quiere decir que recogi\u00f3, sigue recogiendo, lo m\u00e1s rancio de los dem\u00e1s institutos pol\u00edticos para alcanzar la cima en tan corto tiempo de vida.<\/p>\n\n\n\n<p>En Oaxaca no tiene liderazgo, pues Emmanuel Navarro Jara s\u00f3lo hace lo que le dictan; s\u00f3lo obedece y acata.<\/p>\n\n\n\n<p>Por tanto, no tiene ning\u00fan m\u00e9rito en el crecimiento de Morena; es m\u00e1s bien la coptaci\u00f3n, a trav\u00e9s de montones de dinero o cargos p\u00fablicos como se ha fortalecido.&nbsp;<\/p>\n\n\n\n<p>Y s\u00f3lo le queda un camino: el enfrentamiento entre los grupos morenistas org\u00e1nicos y los advenedizos, que ahora intentar\u00e1n hacerse del partido. Por lo pronto, Morena se parece cada d\u00eda m\u00e1s a lo que tanto critic\u00f3 de sus opositores del pasado.<\/p>\n","protected":false},"excerpt":{"rendered":"<p>Ismael Garc\u00eda M.\/Zona Roja. Oaxaca, Oax., a 15 de diciembre de 2025.- La oposici\u00f3n pol\u00edtica&hellip;<\/p>\n","protected":false},"author":2,"featured_media":67764,"comment_status":"closed","ping_status":"open","sticky":false,"template":"","format":"standard","meta":{"_lmt_disableupdate":"","_lmt_disable":"","_jetpack_memberships_contains_paid_content":false,"footnotes":""},"categories":[456,109,48],"tags":[],"class_list":["post-88029","post","type-post","status-publish","format-standard","has-post-thumbnail","hentry","category-columna","category-minuto-a-minuto","category-zona-critica"],"jetpack_featured_media_url":"https:\/\/zonaroja.com.mx\/wp-content\/uploads\/2024\/04\/Opinion-Zona-Roja-Ismael-Garcia.jpg","jetpack_sharing_enabled":true,"_links":{"self":[{"href":"https:\/\/zonaroja.com.mx\/index.php?rest_route=\/wp\/v2\/posts\/88029","targetHints":{"allow":["GET"]}}],"collection":[{"href":"https:\/\/zonaroja.com.mx\/index.php?rest_route=\/wp\/v2\/posts"}],"about":[{"href":"https:\/\/zonaroja.com.mx\/index.php?rest_route=\/wp\/v2\/types\/post"}],"author":[{"embeddable":true,"href":"https:\/\/zonaroja.com.mx\/index.php?rest_route=\/wp\/v2\/users\/2"}],"replies":[{"embeddable":true,"href":"https:\/\/zonaroja.com.mx\/index.php?rest_route=%2Fwp%2Fv2%2Fcomments&post=88029"}],"version-history":[{"count":2,"href":"https:\/\/zonaroja.com.mx\/index.php?rest_route=\/wp\/v2\/posts\/88029\/revisions"}],"predecessor-version":[{"id":88031,"href":"https:\/\/zonaroja.com.mx\/index.php?rest_route=\/wp\/v2\/posts\/88029\/revisions\/88031"}],"wp:featuredmedia":[{"embeddable":true,"href":"https:\/\/zonaroja.com.mx\/index.php?rest_route=\/wp\/v2\/media\/67764"}],"wp:attachment":[{"href":"https:\/\/zonaroja.com.mx\/index.php?rest_route=%2Fwp%2Fv2%2Fmedia&parent=88029"}],"wp:term":[{"taxonomy":"category","embeddable":true,"href":"https:\/\/zonaroja.com.mx\/index.php?rest_route=%2Fwp%2Fv2%2Fcategories&post=88029"},{"taxonomy":"post_tag","embeddable":true,"href":"https:\/\/zonaroja.com.mx\/index.php?rest_route=%2Fwp%2Fv2%2Ftags&post=88029"}],"curies":[{"name":"wp","href":"https:\/\/api.w.org\/{rel}","templated":true}]}}