{"id":88056,"date":"2025-12-16T07:15:00","date_gmt":"2025-12-16T13:15:00","guid":{"rendered":"https:\/\/zonaroja.com.mx\/?p=88056"},"modified":"2025-12-16T06:35:22","modified_gmt":"2025-12-16T12:35:22","slug":"murieron-los-10-ocupantes-de-la-avioneta-que-se-desplomo-en-edomex","status":"publish","type":"post","link":"https:\/\/zonaroja.com.mx\/?p=88056","title":{"rendered":"Murieron los 10 ocupantes de la avioneta que se desplom\u00f3 en Edomex"},"content":{"rendered":"\n<p>Redacci\u00f3n\/Zona Roja Cdmx.<\/p>\n\n\n\n<p>(Informaci\u00f3n de Infobae M\u00e9xico)<\/p>\n\n\n\n<p>Ciudad de M\u00e9xico, a 16 de diciembre de 2025.- Este lunes 15 de diciembre al mediod\u00eda, se registr\u00f3 la ca\u00edda de una avioneta privada cerca del Aeropuerto Internacional de Toluca, accidente en el cual perdieron la vida ocho pasajeros y los dos pilotos, de acuerdo con el gobierno del Estado de M\u00e9xico.<\/p>\n\n\n\n<p>El reporte indica que entre las v\u00edctimas hay tres ni\u00f1os, pues el vuelo fue abordado por una familia. Los cuerpos fueron trasladados al anfiteatro de la capital mexiquense para dar continuidad a los trabajos periciales.<\/p>\n\n\n\n<p>La aeronave de la empresa Jet Pro, modelo Cessna Citation lll, matr\u00edcula XA-PRO, proven\u00eda del aeropuerto de Acapulco, en la costa de Guerrero.<\/p>\n\n\n\n<p>Las v\u00edctimas:<\/p>\n\n\n\n<p>* Natalia, 2 a\u00f1os<\/p>\n\n\n\n<p>* Ra\u00fal, 4 a\u00f1os<\/p>\n\n\n\n<p>* Ximena, 9 a\u00f1os<\/p>\n\n\n\n<p>* Ra\u00fal G\u00f3mez Buenfil, 31 a\u00f1os<\/p>\n\n\n\n<p>* Ilse Lizeth Hern\u00e1ndez T\u00e9llez, 32 a\u00f1os<\/p>\n\n\n\n<p>* Gustavo Palomino Olet, 50 a\u00f1os<\/p>\n\n\n\n<p>* Ra\u00fal G\u00f3mez Ruiz, 60 a\u00f1os<\/p>\n\n\n\n<p>* Olga Janine Buenfil Cardone, 60 a\u00f1os<\/p>\n\n\n\n<p>* Juan Carlos Olivares Casas, piloto<\/p>\n\n\n\n<p>* Walding S\u00e1nchez Manzano, copiloto<\/p>\n\n\n\n<p>La Secretar\u00eda de Infraestructura, Comunicaciones y Transportes (SICT), detall\u00f3 que el accidente a\u00e9reo se registr\u00f3 a las 12:31 en las inmediaciones del Aeropuerto Internacional de Toluca.<\/p>\n\n\n\n<p>El incidente involucr\u00f3 a una aeronave tipo jet, modelo Cessna Citation 650, que cubr\u00eda la ruta desde Acapulco hacia Toluca y transportaba, de acuerdo con el plan de vuelo, a ocho pasajeros, el piloto y el copiloto.<\/p>\n\n\n\n<p>ras el suceso, se activ\u00f3 de inmediato la coordinaci\u00f3n interinstitucional para atender la emergencia, desplegando recursos y personal especializado en la zona.<\/p>\n\n\n\n<p>Actualmente, la Agencia Federal de Aviaci\u00f3n Civil (AFAC), junto con la Direcci\u00f3n de An\u00e1lisis de Accidentes e Incidentes de Aviaci\u00f3n (DAAIA) y la Direcci\u00f3n de Servicios a la Navegaci\u00f3n en el Espacio A\u00e9reo Mexicano (SENEAM), se encuentran a cargo de la investigaci\u00f3n para esclarecer las causas del accidente, seg\u00fan comunic\u00f3 la SICT.<\/p>\n\n\n\n<p>Autoridades del Edomex confirmaron seis muertos por accidente de avioneta en Toluca<\/p>\n\n\n\n<p>Adri\u00e1n Hern\u00e1ndez, Coordinador General de Protecci\u00f3n Civil del Estado de M\u00e9xico, inform\u00f3, de manera preliminar, de la recuperaci\u00f3n de siete cuerpos tras el accidente.<\/p>\n\n\n\n<p>\u201cSe registr\u00f3 un accidente aeron\u00e1utico en San Pedro Totoltepec, en Toluca, el cual es atendido por Personal de Protecci\u00f3n Civil del Estado de M\u00e9xico en coordinaci\u00f3n con instituciones de emergencia\u201d, anunci\u00f3 la Secretar\u00eda de Seguridad del Estado de M\u00e9xico.<\/p>\n\n\n\n<p>De acuerdo con el Centro de Control, Comando, Comunicaci\u00f3n, C\u00f3mputo y Calidad (C5) del Estado de M\u00e9xico la aeronave cay\u00f3 en la calle Industria Automotriz y boulevard Miguel Alem\u00e1n, en la colonia de San Pedro Toltepec.<\/p>\n\n\n\n<p>Indic\u00f3 que se desplegaron Unidades de Emergencia para atender a las personas heridas en el accidente.<\/p>\n\n\n\n<p>Protecci\u00f3n Civil del Estado de M\u00e9xico inform\u00f3 a trav\u00e9s de su cuenta oficial de \u2018X\u2019 que persona operativo est\u00e1 atendiendo el accidente de manera coordinada con instituciones de emergencia.<\/p>\n\n\n\n<p>Asimismo, inst\u00f3 a la poblaci\u00f3n a evitar la zona afectada para permitir que cuerpos de emergencia avance de manera fluida.<\/p>\n\n\n\n<p>El cuerpo de Bomberos y la Coordinaci\u00f3n de Protecci\u00f3n Civil del municipio de Metepec acudieron a la zona afectada para sofocar las llamadas generadas tras el impacto.<\/p>\n","protected":false},"excerpt":{"rendered":"<p>Redacci\u00f3n\/Zona Roja Cdmx. (Informaci\u00f3n de Infobae M\u00e9xico) Ciudad de M\u00e9xico, a 16 de diciembre de&hellip;<\/p>\n","protected":false},"author":2,"featured_media":88057,"comment_status":"closed","ping_status":"open","sticky":false,"template":"","format":"standard","meta":{"_lmt_disableupdate":"","_lmt_disable":"","_jetpack_memberships_contains_paid_content":false,"footnotes":""},"categories":[109,51],"tags":[4581],"class_list":["post-88056","post","type-post","status-publish","format-standard","has-post-thumbnail","hentry","category-minuto-a-minuto","category-zona-roja","tag-avioneta-edomex-desplome"],"jetpack_featured_media_url":"https:\/\/zonaroja.com.mx\/wp-content\/uploads\/2025\/12\/Avioneta-desplome-Edomex-10-muertos.webp","jetpack_sharing_enabled":true,"_links":{"self":[{"href":"https:\/\/zonaroja.com.mx\/index.php?rest_route=\/wp\/v2\/posts\/88056","targetHints":{"allow":["GET"]}}],"collection":[{"href":"https:\/\/zonaroja.com.mx\/index.php?rest_route=\/wp\/v2\/posts"}],"about":[{"href":"https:\/\/zonaroja.com.mx\/index.php?rest_route=\/wp\/v2\/types\/post"}],"author":[{"embeddable":true,"href":"https:\/\/zonaroja.com.mx\/index.php?rest_route=\/wp\/v2\/users\/2"}],"replies":[{"embeddable":true,"href":"https:\/\/zonaroja.com.mx\/index.php?rest_route=%2Fwp%2Fv2%2Fcomments&post=88056"}],"version-history":[{"count":1,"href":"https:\/\/zonaroja.com.mx\/index.php?rest_route=\/wp\/v2\/posts\/88056\/revisions"}],"predecessor-version":[{"id":88058,"href":"https:\/\/zonaroja.com.mx\/index.php?rest_route=\/wp\/v2\/posts\/88056\/revisions\/88058"}],"wp:featuredmedia":[{"embeddable":true,"href":"https:\/\/zonaroja.com.mx\/index.php?rest_route=\/wp\/v2\/media\/88057"}],"wp:attachment":[{"href":"https:\/\/zonaroja.com.mx\/index.php?rest_route=%2Fwp%2Fv2%2Fmedia&parent=88056"}],"wp:term":[{"taxonomy":"category","embeddable":true,"href":"https:\/\/zonaroja.com.mx\/index.php?rest_route=%2Fwp%2Fv2%2Fcategories&post=88056"},{"taxonomy":"post_tag","embeddable":true,"href":"https:\/\/zonaroja.com.mx\/index.php?rest_route=%2Fwp%2Fv2%2Ftags&post=88056"}],"curies":[{"name":"wp","href":"https:\/\/api.w.org\/{rel}","templated":true}]}}