{"id":8815,"date":"2020-02-15T19:53:40","date_gmt":"2020-02-16T01:53:40","guid":{"rendered":"http:\/\/www.zonaroja.com.mx\/?p=8815"},"modified":"2020-02-15T19:53:43","modified_gmt":"2020-02-16T01:53:43","slug":"responde-elpidio-concha-intereses-politicos-revancha-en-acusaciones-en-cuicatlan","status":"publish","type":"post","link":"https:\/\/zonaroja.com.mx\/?p=8815","title":{"rendered":"Responde Elpidio Concha: Intereses pol\u00edticos, revancha en acusaciones en Cuicatl\u00e1n"},"content":{"rendered":"\n<p>Yuridiana Sosa\/Zona Roja.<\/p>\n\n\n\n<p>Oaxaca de Ju\u00e1rez, Oax., 15 de febrero\nde 2020.-&nbsp; El resurgimiento de supuestos\nconflictos por apoderamiento arbitrario de predios, sustracci\u00f3n de material\np\u00e9treo e invasi\u00f3n de v\u00edas federales en la agencia de San Pedro Chicozapotes del\nmunicipio de San Juan Bautista Cuicatl\u00e1n, son parte de un movimiento pol\u00edtico\nrumbo al proceso electoral 2021, refiere Elpidio Concha Arellano, acusado de\ndichos actos.<\/p>\n\n\n\n<p>En su derecho de r\u00e9plica por la nota\n\u201cDenuncian a Elpidio Concha por saqueo y abuso de autoridad en Cuicatl\u00e1n\u201d,\npublicada este 14 de febrero, el ex funcionario federal asegur\u00f3 que se trata de\nun inter\u00e9s pol\u00edtico para derribar al Partido Revolucionario Institucional (PRI)\na trav\u00e9s de su persona, pues dicho partido mantiene presencia desde el gobierno\nmunicipal.<\/p>\n\n\n\n<p>De acuerdo con el ex diputado federal\ndel PRI, el presidente del comisariado ejidal de San Pedro Chicozapotes,\nEduardo Alonso, quien realiz\u00f3 la denuncia de dichos actos, mantiene intenciones\nen las pr\u00f3ximas elecciones y una estrecha relaci\u00f3n con la delegada de los\nprogramas federales, Nancy Ortiz.<\/p>\n\n\n\n<p>Concha Arellano presumi\u00f3 que Cuicatl\u00e1n\nes un referente de la pol\u00edtica y del PRI, que se mantuvo en el poder por la\ncoalici\u00f3n que llev\u00f3 a cabo con el Partido Verde Ecologista de M\u00e9xico y Nueva\nAlianza en el proceso pasado.<\/p>\n\n\n\n<p>Con relaci\u00f3n a los actos por los que se\nle denunci\u00f3 p\u00fablicamente y se iniciaron procedimientos en instancias p\u00fablicas\nde justicia y administrativas del orden federal, mostr\u00f3 el tr\u00e1mite autorizado\nen materia de impacto ambiental otorgado por la Semarnat, en abril del 2019 y\ntramitado en 2018, para la extracci\u00f3n de material p\u00e9treo en el paraje \u201cLos\nSabinos\u201d de Cuicatl\u00e1n. Y reconoci\u00f3 que la concesi\u00f3n a\u00fan no se otorga.<\/p>\n\n\n\n<p>El ex delegado de Sedatu indic\u00f3 que de\nlos predios de los que se le acusa se apoder\u00f3 de forma arbitraria y en abuso de\nautoridad, los adquiri\u00f3 de forma particular y los regulariz\u00f3 a trav\u00e9s del Fondo\nde Apoyo para N\u00facleos Agrarios sin Regularizar (FANAR) del Registro Agrario\nNacional (RAN), en el 2013, cuando ya no fung\u00eda como diputado federal.<\/p>\n\n\n\n<p>Adem\u00e1s, indic\u00f3 que el retiro de v\u00edas\nf\u00e9rreas, que se encuentran en desuso desde hace varias d\u00e9cadas y que forman\nparte de sus tierras, fueron retiradas por la misma poblaci\u00f3n para ocuparlas\ncomo un espacio para llevar a cabo actividades con caballos para las fiestas\nanuales de la poblaci\u00f3n.<\/p>\n\n\n\n<p>La denuncia en su contra por ese\nasunto, dijo, qued\u00f3 concluida al no comprobarse el supuesto robo de v\u00edas, por\nel que fue denunciado hace cinco a\u00f1os por&nbsp;\nEduardo Alonso.<\/p>\n","protected":false},"excerpt":{"rendered":"<p>Yuridiana Sosa\/Zona Roja. Oaxaca de Ju\u00e1rez, Oax., 15 de febrero de 2020.-&nbsp; El resurgimiento de&hellip;<\/p>\n","protected":false},"author":2,"featured_media":8817,"comment_status":"closed","ping_status":"open","sticky":false,"template":"","format":"standard","meta":{"_lmt_disableupdate":"","_lmt_disable":"","_jetpack_memberships_contains_paid_content":false,"footnotes":""},"categories":[109],"tags":[1375],"class_list":["post-8815","post","type-post","status-publish","format-standard","has-post-thumbnail","hentry","category-minuto-a-minuto","tag-elpidio-concha-arellano"],"jetpack_featured_media_url":"https:\/\/zonaroja.com.mx\/wp-content\/uploads\/2020\/02\/Elpidio-Concha-1.jpg","jetpack_sharing_enabled":true,"_links":{"self":[{"href":"https:\/\/zonaroja.com.mx\/index.php?rest_route=\/wp\/v2\/posts\/8815","targetHints":{"allow":["GET"]}}],"collection":[{"href":"https:\/\/zonaroja.com.mx\/index.php?rest_route=\/wp\/v2\/posts"}],"about":[{"href":"https:\/\/zonaroja.com.mx\/index.php?rest_route=\/wp\/v2\/types\/post"}],"author":[{"embeddable":true,"href":"https:\/\/zonaroja.com.mx\/index.php?rest_route=\/wp\/v2\/users\/2"}],"replies":[{"embeddable":true,"href":"https:\/\/zonaroja.com.mx\/index.php?rest_route=%2Fwp%2Fv2%2Fcomments&post=8815"}],"version-history":[{"count":1,"href":"https:\/\/zonaroja.com.mx\/index.php?rest_route=\/wp\/v2\/posts\/8815\/revisions"}],"predecessor-version":[{"id":8818,"href":"https:\/\/zonaroja.com.mx\/index.php?rest_route=\/wp\/v2\/posts\/8815\/revisions\/8818"}],"wp:featuredmedia":[{"embeddable":true,"href":"https:\/\/zonaroja.com.mx\/index.php?rest_route=\/wp\/v2\/media\/8817"}],"wp:attachment":[{"href":"https:\/\/zonaroja.com.mx\/index.php?rest_route=%2Fwp%2Fv2%2Fmedia&parent=8815"}],"wp:term":[{"taxonomy":"category","embeddable":true,"href":"https:\/\/zonaroja.com.mx\/index.php?rest_route=%2Fwp%2Fv2%2Fcategories&post=8815"},{"taxonomy":"post_tag","embeddable":true,"href":"https:\/\/zonaroja.com.mx\/index.php?rest_route=%2Fwp%2Fv2%2Ftags&post=8815"}],"curies":[{"name":"wp","href":"https:\/\/api.w.org\/{rel}","templated":true}]}}