{"id":8829,"date":"2020-02-16T08:18:09","date_gmt":"2020-02-16T14:18:09","guid":{"rendered":"http:\/\/www.zonaroja.com.mx\/?p=8829"},"modified":"2020-02-16T08:18:11","modified_gmt":"2020-02-16T14:18:11","slug":"sensible-congreso-estatal-ante-violencia-contra-mujeres-en-oaxaca","status":"publish","type":"post","link":"https:\/\/zonaroja.com.mx\/?p=8829","title":{"rendered":"Sensible, Congreso estatal ante violencia contra mujeres en Oaxaca"},"content":{"rendered":"\n<p>Redacci\u00f3n\/Zona Roja.<\/p>\n\n\n\n<p>Oaxaca de Ju\u00e1rez, Oax., 16 de febrero\nde 2020.- Ante la ola de violencia y agresiones en contra de las mujeres en\nOaxaca, as\u00ed como el incremento de feminicidios, la 64 Legislatura del Congreso\nestatal ha dado muestra de sensibilidad y atenci\u00f3n institucional a esta\nproblem\u00e1tica.<\/p>\n\n\n\n<p>As\u00ed lo consider\u00f3 el presidente de la\nJunta de Coordinaci\u00f3n Pol\u00edtica, Horacio Sosa, al remarcar que se trata de\nlogros legislativos que superan al discurso y que tienen por objeto revertir el\nescenario violento que existe en el estado, en donde m\u00e1s de 400 mujeres han\nsido asesinadas en los \u00faltimos a\u00f1os, de los cuales, 184 cr\u00edmenes se han\nregistrado luego de la activaci\u00f3n de la alerta de g\u00e9nero en 40 municipios de\nOaxaca.<\/p>\n\n\n\n<p>\u201cEfectivamente, con agua no se limpia\nla sangre y con el simple&nbsp; discurso no se\nrevierte esta lamentable situaci\u00f3n. Por ello, el Poder Legislativo ha dado\nmuestras de sensibilidad institucional, en donde incluso hemos pedido la\nrenuncia del fiscal General del Estado\u201d Rub\u00e9n Vasconcelos M\u00e9ndez, se\u00f1al\u00f3 el\ncoordinador de la bancada del Partido Morena. <\/p>\n\n\n\n<p>Dijo tambi\u00e9n que en d\u00edas recientes el\nCongreso exhort\u00f3 al titular de la Fiscal\u00eda General del Estado, para crear una\nfiscal\u00eda especializada para la investigaci\u00f3n del delito de feminicidio, en\ndonde el presupuesto no deber\u00eda ser una limitante para su instalaci\u00f3n.<\/p>\n\n\n\n<p>Detall\u00f3 que con la 64 Legislatura,\nintegrada en su mayor\u00eda por mujeres, se ha logrado la reforma a la Ley Org\u00e1nica\nde la Fiscal\u00eda General del Estado para que este \u00f3rgano est\u00e9 obligado a\ninvestigar toda muerte violenta de una mujer en Oaxaca, desde la primicia del\nfeminicidio, adem\u00e1s de incorporar la perspectiva de g\u00e9nero a sus diligencias.<\/p>\n\n\n\n<p>\u201cEl Congreso local le cree a las\nmujeres y retoma las voces de lucha e indignaci\u00f3n para fortalecer el acceso a\nlas mujeres a una vida libre de violencia\u201d, asever\u00f3 Horacio Sosa.<\/p>\n\n\n\n<p>El legislador destac\u00f3 que a trav\u00e9s de\nlas comisiones de justicia e igualdad de g\u00e9nero han alzado la voz en casos\nespec\u00edficos como el cobarde ataque con \u00e1cido a la saxofonista Mar\u00eda Elena R\u00edos,\ndonde se ha pedido de manera puntual un seguimiento espec\u00edfico, adem\u00e1s de\nexigir la aplicaci\u00f3n de todo el peso de la ley para quienes resulten culpables.<\/p>\n\n\n\n<p>Cit\u00f3 el trabajo espec\u00edfico de la\ncomisi\u00f3n de justicia en donde, dijo, se alista ya el dictamen con el que se\npretende incorporar al c\u00f3digo penal las agresiones con \u00e1cido a las mujeres de\nOaxaca.<\/p>\n\n\n\n<p>Otro trabajo legislativo que ya ha sido\nconsumado es el aumento al castigo por violencia familiar en Oaxaca, este\ndelito se castigar\u00e1 hasta con nueve a\u00f1os de prisi\u00f3n en la entidad. Con ello se\nbusca garantizar un castigo ejemplar a quien violente a las mujeres en la\nentidad.<\/p>\n\n\n\n<p>Otra acci\u00f3n legislativa con la que se\ntransita al cumplimiento de la agenda legislativa, en 2019 se logr\u00f3 la\ndespenalizaci\u00f3n de la interrupci\u00f3n del embarazo antes de las 12 semanas de\ngestaci\u00f3n, siendo Oaxaca el segundo estado en aprobar esta iniciativa, despu\u00e9s\nde la Ciudad de M\u00e9xico, lo que posiciona a la entidad como garante de los\nderechos de las mujeres.<\/p>\n\n\n\n<p>El diputado Horacio Sosa dej\u00f3 claro que\ncontinuar\u00e1n con la ruta de la defensa de los derechos de las mujeres, adem\u00e1s de\nbuscar en todo momento que tengan una vida libre de violencia, por lo que\nalzar\u00e1n la voz cuantas veces sea necesario.<\/p>\n","protected":false},"excerpt":{"rendered":"<p>Redacci\u00f3n\/Zona Roja. Oaxaca de Ju\u00e1rez, Oax., 16 de febrero de 2020.- Ante la ola de&hellip;<\/p>\n","protected":false},"author":2,"featured_media":8826,"comment_status":"closed","ping_status":"open","sticky":false,"template":"","format":"standard","meta":{"_lmt_disableupdate":"","_lmt_disable":"","_jetpack_memberships_contains_paid_content":false,"footnotes":""},"categories":[109,47],"tags":[444],"class_list":["post-8829","post","type-post","status-publish","format-standard","has-post-thumbnail","hentry","category-minuto-a-minuto","category-zona-gris","tag-horacio-sosa-villavicencio"],"jetpack_featured_media_url":"https:\/\/zonaroja.com.mx\/wp-content\/uploads\/2020\/02\/Comunicado-Mujeres.jpeg","jetpack_sharing_enabled":true,"_links":{"self":[{"href":"https:\/\/zonaroja.com.mx\/index.php?rest_route=\/wp\/v2\/posts\/8829","targetHints":{"allow":["GET"]}}],"collection":[{"href":"https:\/\/zonaroja.com.mx\/index.php?rest_route=\/wp\/v2\/posts"}],"about":[{"href":"https:\/\/zonaroja.com.mx\/index.php?rest_route=\/wp\/v2\/types\/post"}],"author":[{"embeddable":true,"href":"https:\/\/zonaroja.com.mx\/index.php?rest_route=\/wp\/v2\/users\/2"}],"replies":[{"embeddable":true,"href":"https:\/\/zonaroja.com.mx\/index.php?rest_route=%2Fwp%2Fv2%2Fcomments&post=8829"}],"version-history":[{"count":1,"href":"https:\/\/zonaroja.com.mx\/index.php?rest_route=\/wp\/v2\/posts\/8829\/revisions"}],"predecessor-version":[{"id":8830,"href":"https:\/\/zonaroja.com.mx\/index.php?rest_route=\/wp\/v2\/posts\/8829\/revisions\/8830"}],"wp:featuredmedia":[{"embeddable":true,"href":"https:\/\/zonaroja.com.mx\/index.php?rest_route=\/wp\/v2\/media\/8826"}],"wp:attachment":[{"href":"https:\/\/zonaroja.com.mx\/index.php?rest_route=%2Fwp%2Fv2%2Fmedia&parent=8829"}],"wp:term":[{"taxonomy":"category","embeddable":true,"href":"https:\/\/zonaroja.com.mx\/index.php?rest_route=%2Fwp%2Fv2%2Fcategories&post=8829"},{"taxonomy":"post_tag","embeddable":true,"href":"https:\/\/zonaroja.com.mx\/index.php?rest_route=%2Fwp%2Fv2%2Ftags&post=8829"}],"curies":[{"name":"wp","href":"https:\/\/api.w.org\/{rel}","templated":true}]}}