{"id":8837,"date":"2020-02-16T15:28:38","date_gmt":"2020-02-16T21:28:38","guid":{"rendered":"http:\/\/www.zonaroja.com.mx\/?p=8837"},"modified":"2020-02-16T15:28:42","modified_gmt":"2020-02-16T21:28:42","slug":"pierde-otro-caso-fiscalia-de-oaxaca-por-acusaciones-sin-fundamentos-legales","status":"publish","type":"post","link":"https:\/\/zonaroja.com.mx\/?p=8837","title":{"rendered":"Pierde otro caso Fiscal\u00eda de Oaxaca, por acusaciones sin fundamentos legales"},"content":{"rendered":"\n<p>Redacci\u00f3n\/Zona Roja.<\/p>\n\n\n\n<p>Oaxaca de Ju\u00e1rez, Oax., 16 de febrero\nde 2020.- Por errores en la integraci\u00f3n de expedientes y acusaciones no\nsustentadas legalmente, la Fiscal\u00eda General del Estado de Oaxaca perdi\u00f3 un\nsegundo caso, en menos de una semana.<\/p>\n\n\n\n<p>Mientras que el pasado 12 de febrero\nqued\u00f3 en libertad V\u00edctor Manuel Flores Ram\u00edrez, acusado de homicidio de un caso\nocurrido en Santo Domingo Tehuantepec, este fin de semana un juez puso en\nlibertad a otro se\u00f1alado de homicidio.<\/p>\n\n\n\n<p>Se trata de Eduardo R.C., de 51 a\u00f1os de\nedad, a quien acusaron de homicidio doloso, pero con las pruebas presentadas\npor la defensa a cargo del abogado Octavio Guill\u00e9n Zavaleta, la juez consider\u00f3\nque fue en leg\u00edtima defensa y le dict\u00f3 la no vinculaci\u00f3n a proceso.<\/p>\n\n\n\n<p>De acuerdo con la causa penal 703\/2018,\nel abogado defensor indic\u00f3 que el agente del Ministerio P\u00fablico ocult\u00f3\ninformaci\u00f3n al dar a conocer la comunicaci\u00f3n de la imputaci\u00f3n, donde el perito\nm\u00e9dico se\u00f1al\u00f3 que la bala que le quit\u00f3 la vida al alba\u00f1il Ricardo Valent\u00edn G.R.,\nde 24 a\u00f1os de edad, fue de rebote y no directo a su cuerpo, como trataron de\nhacerlo creer.<\/p>\n\n\n\n<p>Para ello, durante la audiencia de\nt\u00e9rmino constitucional, Guill\u00e9n Zavaleta llev\u00f3 a un perito en planimetr\u00eda y\ncriminal\u00edstica y una testigo que observ\u00f3 los hechos, con lo cual expuso la\nposici\u00f3n v\u00edctima-victimario.<\/p>\n\n\n\n<p>Nancy, una joven que acudi\u00f3 como\ntestigo, explic\u00f3 ante el juez de control que el 1 de noviembre del 2018,\nEduardo estaba en la casa de su suegra en la colonia Las Pe\u00f1as de Santo Domingo\nBarrio Bajo, Etla.<\/p>\n\n\n\n<p>Pero al estar en el lugar, la suegra\ndel imputado sali\u00f3 por refrescos y fue insultada por Ricardo Valent\u00edn, que\nestaba tomando en la calle.<\/p>\n\n\n\n<p>A las 18:00 horas, cuando Eduardo se\niba a retirar, Valent\u00edn lo intercept\u00f3 y con un machete intent\u00f3 atacarlo, por lo\ncual el ahora liberado le quit\u00f3 la pistola a su chofer y con ella dispar\u00f3 uno\nal aire y otro a la banqueta, para asustar al alba\u00f1il.<\/p>\n\n\n\n<p>Pero la bala que dispar\u00f3 a la banqueta\nrebot\u00f3 contra la pared y de ah\u00ed hacia el cuerpo de Ricardo, atravesando entre\nel sexto y s\u00e9ptimo arco costal izquierdo y quedando alojado cerca del arco\ncostal del lado derecho.<\/p>\n\n\n\n<p>El perito m\u00e9dico fue interrogado por la\ndefensa y explic\u00f3 que al realizar la necropsia encontr\u00f3 la bala deformada, lo\ncual fue en algo duro, ya que al penetrar en el cuerpo fue en regiones blandas.<\/p>\n\n\n\n<p>La trayectoria de la bala fue ilustrada\npor el perito en la posici\u00f3n v\u00edctima-victimario, que tras rebotar de la pared\ningresa al cuerpo y queda alojada, al no bajar la velocidad con la cual fue\ndisparada.<\/p>\n\n\n\n<p>El abogado Octavio Guill\u00e9n Zavaleta\nexpuso ante el juzgado que el agente del Ministerio P\u00fablico ocult\u00f3 informaci\u00f3n\nal no decir el dictamen completo del perito m\u00e9dico, donde menciona que la bala\nestaba deformada o achatada, por lo cual podr\u00eda ser de rebote, porque en el\ncuerpo toc\u00f3 partes blandas.<\/p>\n\n\n\n<p>Con ello, el juez de control dict\u00f3 auto\nde no vinculaci\u00f3n a proceso a favor del arquitecto Eduardo, al considerar que\nfue una leg\u00edtima defensa e intent\u00f3 de disuadir a su atacante que llevaba un\nmachete.<\/p>\n","protected":false},"excerpt":{"rendered":"<p>Redacci\u00f3n\/Zona Roja. Oaxaca de Ju\u00e1rez, Oax., 16 de febrero de 2020.- Por errores en la&hellip;<\/p>\n","protected":false},"author":2,"featured_media":5405,"comment_status":"closed","ping_status":"open","sticky":false,"template":"","format":"standard","meta":{"_lmt_disableupdate":"","_lmt_disable":"","_jetpack_memberships_contains_paid_content":false,"footnotes":""},"categories":[109,47],"tags":[494],"class_list":["post-8837","post","type-post","status-publish","format-standard","has-post-thumbnail","hentry","category-minuto-a-minuto","category-zona-gris","tag-fiscalia-general-del-estado-de-oaxaca"],"jetpack_featured_media_url":"https:\/\/zonaroja.com.mx\/wp-content\/uploads\/2019\/11\/Fiscal\u00eda-General-del-Estado-e1572901181551.jpg","jetpack_sharing_enabled":true,"_links":{"self":[{"href":"https:\/\/zonaroja.com.mx\/index.php?rest_route=\/wp\/v2\/posts\/8837","targetHints":{"allow":["GET"]}}],"collection":[{"href":"https:\/\/zonaroja.com.mx\/index.php?rest_route=\/wp\/v2\/posts"}],"about":[{"href":"https:\/\/zonaroja.com.mx\/index.php?rest_route=\/wp\/v2\/types\/post"}],"author":[{"embeddable":true,"href":"https:\/\/zonaroja.com.mx\/index.php?rest_route=\/wp\/v2\/users\/2"}],"replies":[{"embeddable":true,"href":"https:\/\/zonaroja.com.mx\/index.php?rest_route=%2Fwp%2Fv2%2Fcomments&post=8837"}],"version-history":[{"count":1,"href":"https:\/\/zonaroja.com.mx\/index.php?rest_route=\/wp\/v2\/posts\/8837\/revisions"}],"predecessor-version":[{"id":8838,"href":"https:\/\/zonaroja.com.mx\/index.php?rest_route=\/wp\/v2\/posts\/8837\/revisions\/8838"}],"wp:featuredmedia":[{"embeddable":true,"href":"https:\/\/zonaroja.com.mx\/index.php?rest_route=\/wp\/v2\/media\/5405"}],"wp:attachment":[{"href":"https:\/\/zonaroja.com.mx\/index.php?rest_route=%2Fwp%2Fv2%2Fmedia&parent=8837"}],"wp:term":[{"taxonomy":"category","embeddable":true,"href":"https:\/\/zonaroja.com.mx\/index.php?rest_route=%2Fwp%2Fv2%2Fcategories&post=8837"},{"taxonomy":"post_tag","embeddable":true,"href":"https:\/\/zonaroja.com.mx\/index.php?rest_route=%2Fwp%2Fv2%2Ftags&post=8837"}],"curies":[{"name":"wp","href":"https:\/\/api.w.org\/{rel}","templated":true}]}}