{"id":8839,"date":"2020-02-16T15:56:18","date_gmt":"2020-02-16T21:56:18","guid":{"rendered":"http:\/\/www.zonaroja.com.mx\/?p=8839"},"modified":"2020-02-16T15:56:22","modified_gmt":"2020-02-16T21:56:22","slug":"presentan-sucesos-y-personajes-de-ayer-libro-de-periodista-oaxaqueno","status":"publish","type":"post","link":"https:\/\/zonaroja.com.mx\/?p=8839","title":{"rendered":"Presentan \u201cSucesos y personajes de ayer\u201d, libro de periodista oaxaque\u00f1o"},"content":{"rendered":"\n<p>Redacci\u00f3n\/Zona Roja.<\/p>\n\n\n\n<p>Oaxaca de Ju\u00e1rez, Oax., 16 de febrero\nde 2020.- \u201cSucesos y personajes del ayer\u201d es el tercer libro del decano\nperiodista oaxaque\u00f1o Carlos Cervantes, en el que narra historias del Oaxaca de\nla segunda mitad del siglo XX, as\u00ed como de hombres y mujeres ilustres que\ndieron vida a la historia de esta ciudad.<\/p>\n\n\n\n<p>El ejemplar fue presentado ayer en la\nHemeroteca P\u00fablica de Oaxaca \u201cN\u00e9stor S\u00e1nchez Hern\u00e1ndez\u201d por el Foro Nacional de\nPeriodistas y Comunicadores, Cap\u00edtulo Oaxaca.<\/p>\n\n\n\n<p>Luis Ram\u00edrez Hern\u00e1ndez, presidente del\nForo Nacional de Periodistas Cap\u00edtulo Oaxaca, destac\u00f3 que el libro fue el\nresultado de los trabajos period\u00edsticos publicados en la secci\u00f3n \u201cPersonajes de\nAyer\u201d de la revista semanal \u201cReal Politik\u201d, que \u00e9l coordina, a los que Carlos\nCervantes enriqueci\u00f3 con una serie de sucesos importantes que marcaron la\nhistoria de la ciudad de Oaxaca.<\/p>\n\n\n\n<p>Lo anterior dio como fruto el tercer\nlibro del autor. La obra est\u00e1 conformada por una serie de historias con\npersonajes que dejaron huella en Oaxaca, y enriquecida por la experiencia de\nCarlos Cervantes, quien como reportero cubri\u00f3 varios de los sucesos que\ndescribe en este tomo, refiri\u00f3 Luis Ram\u00edrez.<\/p>\n\n\n\n<p>Jorge Bueno S\u00e1nchez, cronista de la ciudad\nde Oaxaca, extern\u00f3 que la labor period\u00edstica de Carlos Cervantes, inici\u00f3 en el\nperiodismo en el a\u00f1o 1964, en el peri\u00f3dico \u201cCarteles del Sur\u201d, cuando gobernaba\nRodolfo Brena Torres. <\/p>\n\n\n\n<p>Es un periodista, dijo, que ha ejercido\nsu profesi\u00f3n con precisi\u00f3n \u201catacando alg\u00fan tema, entrevistando a los\ninvolucrados\u201d hasta volverse un reconocido periodista que buscaba la grandeza\nde Oaxaca y el bien com\u00fan de todos.<\/p>\n\n\n\n<p>\u201cEl libro nos muestra la vida de muchos oaxaque\u00f1os, de algunos acontecimientos y sucesos que marcaron la vida de Oaxaca, es el continuador de la historia y de algo m\u00e1s\u201d, refiri\u00f3.<\/p>\n\n\n\n<figure class=\"wp-block-image\"><img decoding=\"async\" width=\"1024\" height=\"682\" src=\"http:\/\/www.zonaroja.com.mx\/wp-content\/uploads\/2020\/02\/Carlos-Cervantes-1-1024x682.jpg\" alt=\"\" class=\"wp-image-8841\" srcset=\"https:\/\/zonaroja.com.mx\/wp-content\/uploads\/2020\/02\/Carlos-Cervantes-1-1024x682.jpg 1024w, https:\/\/zonaroja.com.mx\/wp-content\/uploads\/2020\/02\/Carlos-Cervantes-1-300x200.jpg 300w, https:\/\/zonaroja.com.mx\/wp-content\/uploads\/2020\/02\/Carlos-Cervantes-1-768x512.jpg 768w, https:\/\/zonaroja.com.mx\/wp-content\/uploads\/2020\/02\/Carlos-Cervantes-1-1170x780.jpg 1170w, https:\/\/zonaroja.com.mx\/wp-content\/uploads\/2020\/02\/Carlos-Cervantes-1-585x390.jpg 585w, https:\/\/zonaroja.com.mx\/wp-content\/uploads\/2020\/02\/Carlos-Cervantes-1-263x175.jpg 263w, https:\/\/zonaroja.com.mx\/wp-content\/uploads\/2020\/02\/Carlos-Cervantes-1.jpg 1280w\" sizes=\"(max-width: 1024px) 100vw, 1024px\" \/><\/figure>\n\n\n\n<p>ARDUA INVESTIGACI\u00d3N<\/p>\n\n\n\n<p>Al hablar sobre Sucesos y Personajes de\nayer, el periodista Carlos Cervantes, confes\u00f3 que no le fue f\u00e1cil conseguir\ninformaci\u00f3n, ya que hay que empe\u00f1arse en investigar e incluso logr\u00f3 conseguir\nmaterial fotograf\u00edas, que gracias al esfuerzo las obtuvo, por lo que ahora se\nsabr\u00e1 como son algunos de los personajes de los que hace referencia en su\nlibro.<\/p>\n\n\n\n<p>\u201cEncontrar\u00e1n historias de desconocidos\npara varias generaciones, quienes no saben que existieron hombres o mujeres de\nmucha val\u00eda, que aportaron mucho al Estado y que le dieron brillo\u201d, expuso.<\/p>\n\n\n\n<p>Anot\u00f3 que el libro lo escribi\u00f3 \u201ccon un\nlenguaje sencillo, period\u00edstico (\u2026) no s\u00f3lo me allego a las fuentes si no soy\nposeedor de aquellas historias y lo importante es compartirlo, sobre todo, a\nlas nuevas generaciones\u201d.<\/p>\n\n\n\n<p>Agradeci\u00f3 la presencia de amigos y\npersonalidades, que abarrotaron la Hemeroteca Publica de Oaxaca, dentro de las\nque se encontraba Agust\u00edn M\u00e1rquez Uribe, qui\u00e9n es todo un personaje, que ha\nocupado los cargos m\u00e1s importantes que un ciudadano puede ocupar.<\/p>\n\n\n\n<p>Se anunci\u00f3 que el pr\u00f3ximo mi\u00e9rcoles se\nhar\u00e1 la presentaci\u00f3n de la obra de Carlos Cervantes en el Palacio Legislativo\ndel Honorable Congreso del Estado de Oaxaca.<\/p>\n","protected":false},"excerpt":{"rendered":"<p>Redacci\u00f3n\/Zona Roja. Oaxaca de Ju\u00e1rez, Oax., 16 de febrero de 2020.- \u201cSucesos y personajes del&hellip;<\/p>\n","protected":false},"author":2,"featured_media":8840,"comment_status":"closed","ping_status":"open","sticky":false,"template":"","format":"standard","meta":{"_lmt_disableupdate":"","_lmt_disable":"","_jetpack_memberships_contains_paid_content":false,"footnotes":""},"categories":[109,46],"tags":[1383],"class_list":["post-8839","post","type-post","status-publish","format-standard","has-post-thumbnail","hentry","category-minuto-a-minuto","category-zona-blanca","tag-carlos-cervantes"],"jetpack_featured_media_url":"https:\/\/zonaroja.com.mx\/wp-content\/uploads\/2020\/02\/Carlos-Cervantes-2.jpg","jetpack_sharing_enabled":true,"_links":{"self":[{"href":"https:\/\/zonaroja.com.mx\/index.php?rest_route=\/wp\/v2\/posts\/8839","targetHints":{"allow":["GET"]}}],"collection":[{"href":"https:\/\/zonaroja.com.mx\/index.php?rest_route=\/wp\/v2\/posts"}],"about":[{"href":"https:\/\/zonaroja.com.mx\/index.php?rest_route=\/wp\/v2\/types\/post"}],"author":[{"embeddable":true,"href":"https:\/\/zonaroja.com.mx\/index.php?rest_route=\/wp\/v2\/users\/2"}],"replies":[{"embeddable":true,"href":"https:\/\/zonaroja.com.mx\/index.php?rest_route=%2Fwp%2Fv2%2Fcomments&post=8839"}],"version-history":[{"count":1,"href":"https:\/\/zonaroja.com.mx\/index.php?rest_route=\/wp\/v2\/posts\/8839\/revisions"}],"predecessor-version":[{"id":8842,"href":"https:\/\/zonaroja.com.mx\/index.php?rest_route=\/wp\/v2\/posts\/8839\/revisions\/8842"}],"wp:featuredmedia":[{"embeddable":true,"href":"https:\/\/zonaroja.com.mx\/index.php?rest_route=\/wp\/v2\/media\/8840"}],"wp:attachment":[{"href":"https:\/\/zonaroja.com.mx\/index.php?rest_route=%2Fwp%2Fv2%2Fmedia&parent=8839"}],"wp:term":[{"taxonomy":"category","embeddable":true,"href":"https:\/\/zonaroja.com.mx\/index.php?rest_route=%2Fwp%2Fv2%2Fcategories&post=8839"},{"taxonomy":"post_tag","embeddable":true,"href":"https:\/\/zonaroja.com.mx\/index.php?rest_route=%2Fwp%2Fv2%2Ftags&post=8839"}],"curies":[{"name":"wp","href":"https:\/\/api.w.org\/{rel}","templated":true}]}}