{"id":8843,"date":"2020-02-16T17:57:18","date_gmt":"2020-02-16T23:57:18","guid":{"rendered":"http:\/\/www.zonaroja.com.mx\/?p=8843"},"modified":"2020-02-16T18:02:52","modified_gmt":"2020-02-17T00:02:52","slug":"vive-el-istmo-domingo-violento-con-un-asesinado-y-tres-heridos-de-bala","status":"publish","type":"post","link":"https:\/\/zonaroja.com.mx\/?p=8843","title":{"rendered":"Vive el Istmo domingo violento con un asesinado y tres heridos de bala"},"content":{"rendered":"\n<p>Ismael Garc\u00eda M.\/Zona Roja.<\/p>\n\n\n\n<p>Oaxaca de Ju\u00e1rez, Oax., 16 de febrero\nde 2020.- Una persona ejecutada a balazos y tres m\u00e1s heridas, es el saldo de\ndos hechos violentos ocurridos este domingo en la regi\u00f3n del Istmo de\nTehuantepec, Oaxaca.<\/p>\n\n\n\n<p>Al mediod\u00eda, se suscit\u00f3 un ataque\narmado a una vivienda de la comunidad de Chigola, perteneciente al municipio de\nEl Barrio La Soledad, donde perdi\u00f3 la vida una persona identificada de manera\npreliminar como Miguel \u00c1ngel L\u00f3pez, y una m\u00e1s lesionada, a\u00fan sin identificar.<\/p>\n\n\n\n<p>Hasta el momento no hay mayores\ndetalles acerca del m\u00f3vil de la agresi\u00f3n.<\/p>\n\n\n\n<p>Un hecho similar ocurri\u00f3 ayer, en un\ntaller de reparaci\u00f3n de motocicletas, ubicada a un costado de la carretera\nfederal 185, el crucero hacia Lagunas, localidad de El Barrio, donde fueron\nultimadas dos personas.<\/p>\n\n\n\n<p>ENFRENTAMIENTO EN ASTATA<\/p>\n\n\n\n<p>Mientras tanto, en el municipio de\nSantiago Astata, de la regi\u00f3n del Istmo pero ubicada en la zona de la Costa, se\nregistr\u00f3 un enfrentamiento entre polic\u00edas municipales y comerciantes.<\/p>\n\n\n\n<p>Presuntamente fue por el cobro a vendedores\nque se instalar\u00edan en una vialidad debido a las pr\u00f3ximas fiestas religiosas.<\/p>\n\n\n\n<p>La refriega con palos, piedras y\ndisparos de armas de fuego dej\u00f3 como saldo dos personas heridas de bala y\ncuatro m\u00e1s descalabrados por piedrazos.<\/p>\n\n\n\n<p>El grupo que inici\u00f3 la agresi\u00f3n, seg\u00fan\ndenunciaron, es el encabezado por el edil Dorian Medina y el otro, por liderado\npor Maricela Ferm\u00edn.<\/p>\n\n\n\n<p>De manera preliminar se inform\u00f3 que los\nagredidos fueron identificados como Gregorio Ferm\u00edn Castro, Santiago Castro, Mario\nAvenda\u00f1o y Nereo Cabrera Ojeda, &nbsp;Francisco\nCabrera Ferm\u00edn y Yaritza Hern\u00e1ndez Sim\u00f3n.<\/p>\n","protected":false},"excerpt":{"rendered":"<p>Ismael Garc\u00eda M.\/Zona Roja. Oaxaca de Ju\u00e1rez, Oax., 16 de febrero de 2020.- Una persona&hellip;<\/p>\n","protected":false},"author":2,"featured_media":8844,"comment_status":"closed","ping_status":"open","sticky":false,"template":"","format":"standard","meta":{"_lmt_disableupdate":"","_lmt_disable":"","_jetpack_memberships_contains_paid_content":false,"footnotes":""},"categories":[109,51],"tags":[1384],"class_list":["post-8843","post","type-post","status-publish","format-standard","has-post-thumbnail","hentry","category-minuto-a-minuto","category-zona-roja","tag-el-barrio-la-soledad"],"jetpack_featured_media_url":"https:\/\/zonaroja.com.mx\/wp-content\/uploads\/2020\/02\/9be74e23-3e16-4e2a-a641-bfedc6cffee7.jpg","jetpack_sharing_enabled":true,"_links":{"self":[{"href":"https:\/\/zonaroja.com.mx\/index.php?rest_route=\/wp\/v2\/posts\/8843","targetHints":{"allow":["GET"]}}],"collection":[{"href":"https:\/\/zonaroja.com.mx\/index.php?rest_route=\/wp\/v2\/posts"}],"about":[{"href":"https:\/\/zonaroja.com.mx\/index.php?rest_route=\/wp\/v2\/types\/post"}],"author":[{"embeddable":true,"href":"https:\/\/zonaroja.com.mx\/index.php?rest_route=\/wp\/v2\/users\/2"}],"replies":[{"embeddable":true,"href":"https:\/\/zonaroja.com.mx\/index.php?rest_route=%2Fwp%2Fv2%2Fcomments&post=8843"}],"version-history":[{"count":1,"href":"https:\/\/zonaroja.com.mx\/index.php?rest_route=\/wp\/v2\/posts\/8843\/revisions"}],"predecessor-version":[{"id":8845,"href":"https:\/\/zonaroja.com.mx\/index.php?rest_route=\/wp\/v2\/posts\/8843\/revisions\/8845"}],"wp:featuredmedia":[{"embeddable":true,"href":"https:\/\/zonaroja.com.mx\/index.php?rest_route=\/wp\/v2\/media\/8844"}],"wp:attachment":[{"href":"https:\/\/zonaroja.com.mx\/index.php?rest_route=%2Fwp%2Fv2%2Fmedia&parent=8843"}],"wp:term":[{"taxonomy":"category","embeddable":true,"href":"https:\/\/zonaroja.com.mx\/index.php?rest_route=%2Fwp%2Fv2%2Fcategories&post=8843"},{"taxonomy":"post_tag","embeddable":true,"href":"https:\/\/zonaroja.com.mx\/index.php?rest_route=%2Fwp%2Fv2%2Ftags&post=8843"}],"curies":[{"name":"wp","href":"https:\/\/api.w.org\/{rel}","templated":true}]}}