{"id":8846,"date":"2020-02-16T19:50:39","date_gmt":"2020-02-17T01:50:39","guid":{"rendered":"http:\/\/www.zonaroja.com.mx\/?p=8846"},"modified":"2020-02-16T19:50:43","modified_gmt":"2020-02-17T01:50:43","slug":"acuerdan-colaboracion-poder-judicial-de-oaxaca-y-benemerita-universidad","status":"publish","type":"post","link":"https:\/\/zonaroja.com.mx\/?p=8846","title":{"rendered":"Acuerdan colaboraci\u00f3n Poder Judicial de Oaxaca y Benem\u00e9rita Universidad"},"content":{"rendered":"\n<p>Redacci\u00f3n\/Zona Roja.<\/p>\n\n\n\n<p>Oaxaca de Ju\u00e1rez, Oax., 16 de febrero\nde 2020.- Con el prop\u00f3sito de impulsar actividades conjuntas en materia de\ncapacitaci\u00f3n, profesionalizaci\u00f3n y actualizaci\u00f3n en el \u00e1mbito jur\u00eddico, as\u00ed\ncomo fortalecer el desarrollo formativo de cursantes de la rama del derecho, el\nPoder Judicial de Oaxaca firm\u00f3 un convenio de colaboraci\u00f3n con la Benem\u00e9rita\nUniversidad de Oaxaca (BUO).<\/p>\n\n\n\n<p>El convenio fue signado por el\nmagistrado presidente Eduardo Pinacho S\u00e1nchez y por el director general de la\ninstituci\u00f3n, David Mart\u00ednez P\u00e9rez, en presencia de la ministra de la Suprema\nCorte de la Justicia de la Naci\u00f3n (SCJN), Norma Luc\u00eda Pi\u00f1a Hern\u00e1ndez, y el\nFiscal General del Estado, Rub\u00e9n Vasconcelos M\u00e9ndez.<\/p>\n\n\n\n<p>En su intervenci\u00f3n, el presidente del\nTribunal Superior de Justicia y del Consejo de la Judicatura indic\u00f3 que la\neficiencia en la administraci\u00f3n de justicia depende de la formaci\u00f3n acad\u00e9mica\nque tenga el personal jurisdiccional.<\/p>\n\n\n\n<p>Y en ello las instituciones de\nense\u00f1anza superior tienen el relevante papel de inculcar en los nuevos\noperadores, el aprendizaje de la norma, de los valores y principios, pero\ntambi\u00e9n de la sensibilidad y humanismo con los que deben trabajar.<\/p>\n\n\n\n<p>\u201cLa justicia es un fen\u00f3meno complejo,\nporque no depende exclusivamente de las instituciones del Estado, sino de\nmuchos factores, como son los abogados y las propias partes en el conflicto\u201d,\nse\u00f1al\u00f3 el magistrado Pinacho S\u00e1nchez ante un auditorio de m\u00e1s de 300 personas y\nacompa\u00f1ado por el integrante del Consejo de la Judicatura, Alfredo Lagunas\nRivera y el Visitador General, Jorge L\u00f3pez Reyes.<\/p>\n\n\n\n<p>Tras destacar que el sistema judicial\nha ido cambiando y por ello la necesidad de que los operadores jur\u00eddicos se\nincorporen en un proceso de formaci\u00f3n y de ense\u00f1anza continua, enfatiz\u00f3 que\n\u201cmucho de la calidad y de la eficiencia de funci\u00f3n judicial depende de las\ninstituciones de educaci\u00f3n de la que egresan los futuros operadores del\nderecho\u201d.<\/p>\n\n\n\n<p>La firma del convenio acad\u00e9mico de\ncolaboraci\u00f3n se realiz\u00f3 en el marco de la ceremonia de inauguraci\u00f3n de la\ntercera generaci\u00f3n de la maestr\u00eda en Juicios Orales y Sistema Acusatorio\nAdversarial impartida por la Benem\u00e9rita Universidad de Oaxaca.<\/p>\n\n\n\n<p>A la actividad asistieron tambi\u00e9n el director\nde la Defensor\u00eda P\u00fablica del Estado, Jes\u00fas Gerardo Herrera P\u00e9rez, y la coordinadora\nde Vinculaci\u00f3n de esa instituci\u00f3n de educaci\u00f3n superior, Amanda Mej\u00eda.<\/p>\n","protected":false},"excerpt":{"rendered":"<p>Redacci\u00f3n\/Zona Roja. Oaxaca de Ju\u00e1rez, Oax., 16 de febrero de 2020.- Con el prop\u00f3sito de&hellip;<\/p>\n","protected":false},"author":2,"featured_media":8847,"comment_status":"closed","ping_status":"open","sticky":false,"template":"","format":"standard","meta":{"_lmt_disableupdate":"","_lmt_disable":"","_jetpack_memberships_contains_paid_content":false,"footnotes":""},"categories":[109,46],"tags":[1225,66],"class_list":["post-8846","post","type-post","status-publish","format-standard","has-post-thumbnail","hentry","category-minuto-a-minuto","category-zona-blanca","tag-eduardo-pinacho-sanchez","tag-tribunal-superior-de-justicia"],"jetpack_featured_media_url":"https:\/\/zonaroja.com.mx\/wp-content\/uploads\/2020\/02\/tsj.jpg","jetpack_sharing_enabled":true,"_links":{"self":[{"href":"https:\/\/zonaroja.com.mx\/index.php?rest_route=\/wp\/v2\/posts\/8846","targetHints":{"allow":["GET"]}}],"collection":[{"href":"https:\/\/zonaroja.com.mx\/index.php?rest_route=\/wp\/v2\/posts"}],"about":[{"href":"https:\/\/zonaroja.com.mx\/index.php?rest_route=\/wp\/v2\/types\/post"}],"author":[{"embeddable":true,"href":"https:\/\/zonaroja.com.mx\/index.php?rest_route=\/wp\/v2\/users\/2"}],"replies":[{"embeddable":true,"href":"https:\/\/zonaroja.com.mx\/index.php?rest_route=%2Fwp%2Fv2%2Fcomments&post=8846"}],"version-history":[{"count":1,"href":"https:\/\/zonaroja.com.mx\/index.php?rest_route=\/wp\/v2\/posts\/8846\/revisions"}],"predecessor-version":[{"id":8848,"href":"https:\/\/zonaroja.com.mx\/index.php?rest_route=\/wp\/v2\/posts\/8846\/revisions\/8848"}],"wp:featuredmedia":[{"embeddable":true,"href":"https:\/\/zonaroja.com.mx\/index.php?rest_route=\/wp\/v2\/media\/8847"}],"wp:attachment":[{"href":"https:\/\/zonaroja.com.mx\/index.php?rest_route=%2Fwp%2Fv2%2Fmedia&parent=8846"}],"wp:term":[{"taxonomy":"category","embeddable":true,"href":"https:\/\/zonaroja.com.mx\/index.php?rest_route=%2Fwp%2Fv2%2Fcategories&post=8846"},{"taxonomy":"post_tag","embeddable":true,"href":"https:\/\/zonaroja.com.mx\/index.php?rest_route=%2Fwp%2Fv2%2Ftags&post=8846"}],"curies":[{"name":"wp","href":"https:\/\/api.w.org\/{rel}","templated":true}]}}