{"id":8849,"date":"2020-02-17T09:59:50","date_gmt":"2020-02-17T15:59:50","guid":{"rendered":"http:\/\/www.zonaroja.com.mx\/?p=8849"},"modified":"2020-02-17T09:22:02","modified_gmt":"2020-02-17T15:22:02","slug":"la-fiscalia-general-desoye-a-legisladores-en-la-atencion-a-feminicidios","status":"publish","type":"post","link":"https:\/\/zonaroja.com.mx\/?p=8849","title":{"rendered":"La Fiscal\u00eda General desoye a legisladores en la atenci\u00f3n a feminicidios"},"content":{"rendered":"\n<p>Yuridiana Sosa\/Zona Roja.<\/p>\n\n\n\n<p>Oaxaca de Ju\u00e1rez, Oax., 17 de febrero\nde 2020.- La Fiscal\u00eda General del Estado de Oaxaca no da luces sobre la\ncreaci\u00f3n de la fiscal\u00eda especializada para atender los feminicidios en la\nentidad. De acuerdo con cifras de la misma instituci\u00f3n, en lo que va del a\u00f1o se\nhan cometido 24 muertes violentas de mujeres.<\/p>\n\n\n\n<p>El pasado 29 de enero, el pleno de la\n64 Legislatura de Oaxaca llam\u00f3 de forma concreta al fiscal Rub\u00e9n Vasconcelos\nM\u00e9ndez a realizar los procedimientos en su competencia para la nueva fiscal\u00eda,\npues desde la existente Fiscal\u00eda para la Atenci\u00f3n a Delitos Contra la Mujer por\nRaz\u00f3n de G\u00e9nero, se carece de eficacia para el delito de feminicidio.<\/p>\n\n\n\n<p>Con la nueva fiscal\u00eda para la\ninvestigaci\u00f3n de feminicidio se deber\u00e1 garantizar el acceso a la justicia a las\nv\u00edctimas que el Estado no puedo garantizarles la vida.<\/p>\n\n\n\n<p>Ante la dilaci\u00f3n de la Fiscal\u00eda para acatar el llamado, el presidente de la Junta de Coordinaci\u00f3n Pol\u00edtica (Jucopo), Horacio Sosa Villavicencio, se pronunci\u00f3 contra la inacci\u00f3n de la Fiscal\u00eda para detener los actos de violencia contra las mujeres, lo cual va en aumento.<\/p>\n\n\n\n<figure class=\"wp-block-embed-twitter wp-block-embed is-type-rich is-provider-twitter\"><div class=\"wp-block-embed__wrapper\">\n<div class=\"twitter-tweet\"><blockquote class=\"twitter-tweet\" data-lang=\"es\"><p lang=\"es\" dir=\"ltr\"><a href=\"https:\/\/twitter.com\/hashtag\/FeminicidioEmergenciaNacional?src=hash&amp;ref_src=twsrc%5Etfw\">#FeminicidioEmergenciaNacional<\/a> <br>\u201cEfectivamente, con agua no se limpia la sangre y con el simple discurso no se revierte esta lamentable situaci\u00f3n\u201d, dijo el diputado <a href=\"https:\/\/twitter.com\/HoracioSosaOax?ref_src=twsrc%5Etfw\">@HoracioSosaOax<\/a>, al destacar los logros en el <a href=\"https:\/\/twitter.com\/CongresoOaxLXIV?ref_src=twsrc%5Etfw\">@CongresoOaxLXIV<\/a> para combatir y sancionar la violencia de g\u00e9nero. <a href=\"https:\/\/t.co\/rAXN0NMT3K\">pic.twitter.com\/rAXN0NMT3K<\/a><\/p>&mdash; Zona Roja Oaxaca (@MexRoja) <a href=\"https:\/\/twitter.com\/MexRoja\/status\/1229051049010319361?ref_src=twsrc%5Etfw\">16 de febrero de 2020<\/a><\/blockquote><\/div>\n<\/div><\/figure>\n\n\n\n<p>El diputado por Morena replante\u00f3 la\nrenuncia del Vasconcelos M\u00e9ndez frente a la incapacidad para revertir los\nescenarios violentos a pesar de las distintas reformas que se realizan desde el\nCongreso de Oaxaca para aumentar los castigos a los agresores de las mujeres.<\/p>\n\n\n\n<p>Record\u00f3 que se reform\u00f3 la Ley Org\u00e1nica\nde la Fiscal\u00eda para que toda muerte violenta de una mujer se investigue como\nfeminicidio, adem\u00e1s, se incorpor\u00f3 para que de manera obligada se considera la\nperspectiva de g\u00e9nero en las investigaciones.<\/p>\n\n\n\n<p>Desde la Comisi\u00f3n de Justicia se alista\nla incorporaci\u00f3n al C\u00f3digo Penal de las agresiones con \u00e1cido como un delito en\nOaxaca, en raz\u00f3n al ataque con esta sustancia que sufri\u00f3 la saxofonista Mar\u00eda\nElena R\u00edos, agreg\u00f3.<\/p>\n","protected":false},"excerpt":{"rendered":"<p>Yuridiana Sosa\/Zona Roja. Oaxaca de Ju\u00e1rez, Oax., 17 de febrero de 2020.- La Fiscal\u00eda General&hellip;<\/p>\n","protected":false},"author":2,"featured_media":8850,"comment_status":"closed","ping_status":"open","sticky":false,"template":"","format":"standard","meta":{"_lmt_disableupdate":"","_lmt_disable":"","_jetpack_memberships_contains_paid_content":false,"footnotes":""},"categories":[1],"tags":[],"class_list":["post-8849","post","type-post","status-publish","format-standard","has-post-thumbnail","hentry","category-sin-categoria"],"jetpack_featured_media_url":"https:\/\/zonaroja.com.mx\/wp-content\/uploads\/2020\/02\/Sede-Fiscal\u00eda-General-4.png","jetpack_sharing_enabled":true,"_links":{"self":[{"href":"https:\/\/zonaroja.com.mx\/index.php?rest_route=\/wp\/v2\/posts\/8849","targetHints":{"allow":["GET"]}}],"collection":[{"href":"https:\/\/zonaroja.com.mx\/index.php?rest_route=\/wp\/v2\/posts"}],"about":[{"href":"https:\/\/zonaroja.com.mx\/index.php?rest_route=\/wp\/v2\/types\/post"}],"author":[{"embeddable":true,"href":"https:\/\/zonaroja.com.mx\/index.php?rest_route=\/wp\/v2\/users\/2"}],"replies":[{"embeddable":true,"href":"https:\/\/zonaroja.com.mx\/index.php?rest_route=%2Fwp%2Fv2%2Fcomments&post=8849"}],"version-history":[{"count":2,"href":"https:\/\/zonaroja.com.mx\/index.php?rest_route=\/wp\/v2\/posts\/8849\/revisions"}],"predecessor-version":[{"id":8865,"href":"https:\/\/zonaroja.com.mx\/index.php?rest_route=\/wp\/v2\/posts\/8849\/revisions\/8865"}],"wp:featuredmedia":[{"embeddable":true,"href":"https:\/\/zonaroja.com.mx\/index.php?rest_route=\/wp\/v2\/media\/8850"}],"wp:attachment":[{"href":"https:\/\/zonaroja.com.mx\/index.php?rest_route=%2Fwp%2Fv2%2Fmedia&parent=8849"}],"wp:term":[{"taxonomy":"category","embeddable":true,"href":"https:\/\/zonaroja.com.mx\/index.php?rest_route=%2Fwp%2Fv2%2Fcategories&post=8849"},{"taxonomy":"post_tag","embeddable":true,"href":"https:\/\/zonaroja.com.mx\/index.php?rest_route=%2Fwp%2Fv2%2Ftags&post=8849"}],"curies":[{"name":"wp","href":"https:\/\/api.w.org\/{rel}","templated":true}]}}