{"id":8852,"date":"2020-02-17T09:00:44","date_gmt":"2020-02-17T15:00:44","guid":{"rendered":"http:\/\/www.zonaroja.com.mx\/?p=8852"},"modified":"2020-02-16T21:50:22","modified_gmt":"2020-02-17T03:50:22","slug":"se-acabo-el-sexenio-de-alejandro-murat-adelfo-regino-y-los-senalamientos-de-corrupcion","status":"publish","type":"post","link":"https:\/\/zonaroja.com.mx\/?p=8852","title":{"rendered":"Se acab\u00f3 el sexenio de Alejandro Murat; Adelfo Regino y los se\u00f1alamientos de corrupci\u00f3n"},"content":{"rendered":"\n<p>Ismael Garc\u00eda M.\/Zona Roja.<\/p>\n\n\n\n<p>Oaxaca de Ju\u00e1rez, Oax., 17 de febrero\nde 2020.- Sus contrarios lo consideran enemigo pol\u00edtico natural para la\ngubernatura de Oaxaca por su cercan\u00eda con el Presidente Andr\u00e9s Manuel L\u00f3pez\nObrador. <\/p>\n\n\n\n<p>Y quiz\u00e1 por ello, en las \u00faltimas\nsemanas han surgido se\u00f1alamientos de presuntos actos de corrupci\u00f3n en contra de\nAdelfo Regino Montes, indigenista de cepa.<\/p>\n\n\n\n<p>\u201cCobra \u2018moches\u2019 de 10 y hasta 15 por\nciento a constructoras, para asignar obras. Hay un ejemplo claro: en diciembre del\na\u00f1o pasado un funcionario del Instituto Nacional de Pueblos Ind\u00edgenas (INPI)\nrecibi\u00f3 de una constructora como pago final 500 mil pesos por la asignaci\u00f3n de\nuna obra de unos cinco millones de pesos; antes, para amarrar compromisos le\ndieron un veh\u00edculo nuevo\u201d, revela una fuente.<\/p>\n\n\n\n<p>Va m\u00e1s all\u00e1: el funcionario se\u00f1alado es\nDonato Vargas Jim\u00e9nez y no es la \u00fanica vez que ha pedido dinero, a nombre del\nINPI, para supuestas campa\u00f1as pol\u00edticas pr\u00f3ximas, que algunos deducen ser\u00eda de\nAdelfo Regino.<\/p>\n\n\n\n<p>Pero adem\u00e1s, Donato Vargas \u2013del equipo\npol\u00edtico del senador Salom\u00f3n Jara Cruz&#8211;, recorr\u00eda comunidades de diversas\nregiones del estado haciendo proselitismo pol\u00edtico, previo al proceso de\nelecci\u00f3n del comit\u00e9 ejecutivo del Partido Morena.<\/p>\n\n\n\n<p>La semana pasada, en tribuna de la\nC\u00e1mara de Diputados federal, la legisladora por el Partido del Trabajo,\nMargarita Garc\u00eda Garc\u00eda, lanz\u00f3 otra acusaci\u00f3n: En el municipio de San Mateo\nTlapiltepec, regi\u00f3n Mixteca, hay un posible desv\u00edo de recursos en los trabajos\nde construcci\u00f3n de un camino de acceso, por parte del INPI.<\/p>\n\n\n\n<p>Personal de esa dependencia est\u00e1\npidiendo dinero porque supuestamente ellos gestionaron la obra y hay nombre:\nJorge Santiago.<\/p>\n\n\n\n<p>\u201cDoy a conocer esta denuncia por si\nalgo me llegara a suceder o a mi familia los responsabilizo a ellos, y ojal\u00e1 el\ntitular del INPI, Adelfo Regino Montes, haga caso de las denuncias frecuentes\nque han hecho contra la se\u00f1ora Luz Irene, quien est\u00e1 promoviendo la corrupci\u00f3n\ny que condiciona a los presidentes municipales\u201d, dijo Margarita Garc\u00eda, del\nequipo del tambi\u00e9n diputado Benjam\u00edn Robles.<\/p>\n\n\n\n<p>EX ASESOR DEL EZLN<\/p>\n\n\n\n<p>Regino Montes es originario de Santa\nMar\u00eda Alotepec Mixe; comenz\u00f3 a destacar en la actividad p\u00fablica tras la\nirrupci\u00f3n del Ej\u00e9rcito Zapatista de Liberaci\u00f3n Nacional (EZLN) en el estado de\nChiapas, en 1994.<\/p>\n\n\n\n<p>Por considerar que ten\u00eda calidad moral\ny conoc\u00eda el entramado ind\u00edgena, fue llamado por el grupo armado como su asesor,\ndonde particip\u00f3 de manera abierta en las mesas de negociaci\u00f3n con el gobierno\nfederal.<\/p>\n\n\n\n<p>Por cierto, fue el EZLN quien le puso\nlas primeras dificultades el a\u00f1o pasado al frente del INPI.<\/p>\n\n\n\n<p>\u201cLas diferencias entre el Presidente\nAndr\u00e9s Manuel L\u00f3pez Obrador y el Ej\u00e9rcito Zapatista de Liberaci\u00f3n Nacional\n(EZLN) se subsanar\u00e1n con el \u201clenguaje de los hechos\u201d, cuando se retomen los\nAcuerdos de San Andr\u00e9s. Dijo hace un a\u00f1o a la Agencia Proceso.<\/p>\n\n\n\n<p>Tras amainar el conflicto por el\nsurgimiento del grupo guerrillero, fortaleci\u00f3 la organizaci\u00f3n Servicios del\nPueblo Mixe (SER), desde donde asesoraba a comunidades de la regi\u00f3n de la\nSierra Ju\u00e1rez y de otras zonas de la entidad.<\/p>\n\n\n\n<p>Colabor\u00f3 de manera discreta en la\ncampa\u00f1a pol\u00edtica de Gabino Cu\u00e9 Monteagudo y el 1 de diciembre de 2010 fue\ndesignado como secretario de Asuntos Ind\u00edgenas; renunci\u00f3 al cargo poco despu\u00e9s\nde la agresi\u00f3n armada contra maestros y pobladores en Asunci\u00f3n Nochixtl\u00e1n, en\njunio de 2016.<\/p>\n\n\n\n<p>Antes de ello, en un hecho que asegura\nfue de congruencia personal, renunci\u00f3 por unos meses al inicio del 2011, para\nterminar su licenciatura en Derecho, pues era uno de los requisitos impuestos\npor ese gobierno<\/p>\n\n\n\n<p>Se sum\u00f3 despu\u00e9s a L\u00f3pez Obrador en la asesor\u00eda en materia ind\u00edgena y en agosto de 2018, tras el triunfo de AMLO, se anunci\u00f3 la creaci\u00f3n del Instituto Nacional de Pueblos Ind\u00edgenas y ah\u00ed mismo el nombre del titular: Adelfo Regino.<\/p>\n\n\n\n<figure class=\"wp-block-image\"><img decoding=\"async\" width=\"768\" height=\"1024\" src=\"http:\/\/www.zonaroja.com.mx\/wp-content\/uploads\/2020\/02\/952849eb-c738-4c30-a7b2-b88d68447d0c-768x1024.jpg\" alt=\"\" class=\"wp-image-8853\" srcset=\"https:\/\/zonaroja.com.mx\/wp-content\/uploads\/2020\/02\/952849eb-c738-4c30-a7b2-b88d68447d0c-768x1024.jpg 768w, https:\/\/zonaroja.com.mx\/wp-content\/uploads\/2020\/02\/952849eb-c738-4c30-a7b2-b88d68447d0c-225x300.jpg 225w, https:\/\/zonaroja.com.mx\/wp-content\/uploads\/2020\/02\/952849eb-c738-4c30-a7b2-b88d68447d0c-585x780.jpg 585w, https:\/\/zonaroja.com.mx\/wp-content\/uploads\/2020\/02\/952849eb-c738-4c30-a7b2-b88d68447d0c.jpg 960w\" sizes=\"(max-width: 768px) 100vw, 768px\" \/><\/figure>\n\n\n\n<p>\u00bfCANDIDATO NATURAL?<\/p>\n\n\n\n<p>Los tropiezos del oaxaque\u00f1o originario\nde Alotepec no han sido pocos, al igual que sus logros; lo primero, la\nresistencia de comunidades ind\u00edgenas, sobre todo del sur-sureste del pa\u00eds,\nincluyendo Oaxaca, para aprobar los megaproyectos de L\u00f3pez Obrador, como el\nTren Maya.<\/p>\n\n\n\n<p>O como el trans\u00edstmico de Oaxaca y Veracruz,\ndel cual hay fuertes oposiciones, que se ahondar\u00e1n este a\u00f1o con el millonario\npresupuesto ya autorizado. Con el mismo EZLN, Adelfo a\u00fan no termina de cuadrar\nel di\u00e1logo.<\/p>\n\n\n\n<p>Los \u00e9xitos, el di\u00e1logo abierto que\nmantiene el Presidente de M\u00e9xico con los m\u00e1s de 60 pueblos originarios, a los\nque est\u00e1 visitando cada fin de semana, acercamiento in\u00e9dito que esperemos\nconcluya con el abatimiento del grave rezago social.<\/p>\n\n\n\n<p>Los caminos pavimentados de manera\nartesanal, con recursos que se etiquetan directamente al ayuntamiento, y a que\na un a\u00f1o, hasta ahora pr\u00e1cticamente no tienen cr\u00edticas; al contrario, son\nbandera de ejemplo del mandatario en cada acto en las comunidades.<\/p>\n\n\n\n<p>Esto es lo que justamente comenz\u00f3 a\ngenerar urticaria en los c\u00edrculos pol\u00edticos de Oaxaca; es el candidato natural,\nconsideran muchos, de todos los partidos, incluyendo de Morena, que por cierto\ntiene m\u00faltiples divisiones.<\/p>\n\n\n\n<p>De los se\u00f1alamientos de corrupci\u00f3n, el\npropio INPI precisa que Donato Vargas fue reconvenido para evitar mezclar el\nproselitismo con su actividad p\u00fablica en el INPI. <\/p>\n\n\n\n<p>Tanto as\u00ed que el 30 de septiembre, de\nacuerdo con un oficio en poder de ZONA ROJA, Donato present\u00f3 su renuncia al\ncargo:<\/p>\n\n\n\n<p>\u201cA partir de esta fecha, es mi voluntad\nirrevocable dar por terminada la relaci\u00f3n de trabajo que me un\u00eda con el\nInstituto Nacional de Pueblos Ind\u00edgenas, por cuestiones inherentes a mi\npersona. En consecuencia de lo anterior, renuncio al puesto de trabajo que\nven\u00eda ocupando, nivel M21, plaza 3538 como Director de \u00c1rea Eventual en\nDirecci\u00f3n General del INPI\u201d, refiere la misiva con la firma de Donato.<\/p>\n\n\n\n<p>\u201cSi el presunto hecho de corrupci\u00f3n ocurri\u00f3\nen diciembre, el aludido ya no estaba en el Instituto\u201d, refuerza Adelfo Regino.\nEn el caso de la acusaci\u00f3n de la diputada Margarita Garc\u00eda, expone que est\u00e1\nabierta una investigaci\u00f3n para deslindar responsabilidades.<\/p>\n\n\n\n<p>\u201cYo estoy dedicado a trabajar, estoy\ntotalmente comprometido con mi trabajo y en absoluto estoy haciendo recorridos\nproselitistas, tampoco mis colaboradores, refuta el titular del INPI. <\/p>\n\n\n\n<p>Pero, con la cercan\u00eda y afecto que le\ntiene L\u00f3pez Obrador, \u00bfalguien puede darlo por muerto?<\/p>\n\n\n\n<p>Pr\u00f3xima semana: Se acab\u00f3 el sexenio de\nAlejandro Murat; Benjam\u00edn Robles y sus ambiciones personales.<\/p>\n","protected":false},"excerpt":{"rendered":"<p>Ismael Garc\u00eda M.\/Zona Roja. Oaxaca de Ju\u00e1rez, Oax., 17 de febrero de 2020.- Sus contrarios&hellip;<\/p>\n","protected":false},"author":2,"featured_media":7610,"comment_status":"closed","ping_status":"open","sticky":false,"template":"","format":"standard","meta":{"_lmt_disableupdate":"","_lmt_disable":"","_jetpack_memberships_contains_paid_content":false,"footnotes":""},"categories":[456,109,48],"tags":[1353],"class_list":["post-8852","post","type-post","status-publish","format-standard","has-post-thumbnail","hentry","category-columna","category-minuto-a-minuto","category-zona-critica","tag-opinion-zona-critica"],"jetpack_featured_media_url":"https:\/\/zonaroja.com.mx\/wp-content\/uploads\/2020\/01\/Opini\u00f3n-Zona-Cr\u00edtica.jpg","jetpack_sharing_enabled":true,"_links":{"self":[{"href":"https:\/\/zonaroja.com.mx\/index.php?rest_route=\/wp\/v2\/posts\/8852","targetHints":{"allow":["GET"]}}],"collection":[{"href":"https:\/\/zonaroja.com.mx\/index.php?rest_route=\/wp\/v2\/posts"}],"about":[{"href":"https:\/\/zonaroja.com.mx\/index.php?rest_route=\/wp\/v2\/types\/post"}],"author":[{"embeddable":true,"href":"https:\/\/zonaroja.com.mx\/index.php?rest_route=\/wp\/v2\/users\/2"}],"replies":[{"embeddable":true,"href":"https:\/\/zonaroja.com.mx\/index.php?rest_route=%2Fwp%2Fv2%2Fcomments&post=8852"}],"version-history":[{"count":1,"href":"https:\/\/zonaroja.com.mx\/index.php?rest_route=\/wp\/v2\/posts\/8852\/revisions"}],"predecessor-version":[{"id":8854,"href":"https:\/\/zonaroja.com.mx\/index.php?rest_route=\/wp\/v2\/posts\/8852\/revisions\/8854"}],"wp:featuredmedia":[{"embeddable":true,"href":"https:\/\/zonaroja.com.mx\/index.php?rest_route=\/wp\/v2\/media\/7610"}],"wp:attachment":[{"href":"https:\/\/zonaroja.com.mx\/index.php?rest_route=%2Fwp%2Fv2%2Fmedia&parent=8852"}],"wp:term":[{"taxonomy":"category","embeddable":true,"href":"https:\/\/zonaroja.com.mx\/index.php?rest_route=%2Fwp%2Fv2%2Fcategories&post=8852"},{"taxonomy":"post_tag","embeddable":true,"href":"https:\/\/zonaroja.com.mx\/index.php?rest_route=%2Fwp%2Fv2%2Ftags&post=8852"}],"curies":[{"name":"wp","href":"https:\/\/api.w.org\/{rel}","templated":true}]}}