{"id":8855,"date":"2020-02-17T08:00:24","date_gmt":"2020-02-17T14:00:24","guid":{"rendered":"http:\/\/www.zonaroja.com.mx\/?p=8855"},"modified":"2020-02-16T21:56:23","modified_gmt":"2020-02-17T03:56:23","slug":"ambientalistas-demandan-a-la-cfe-por-ecocidio-ante-la-poda-indebida-de-arboles-en-la-capital","status":"publish","type":"post","link":"https:\/\/zonaroja.com.mx\/?p=8855","title":{"rendered":"Ambientalistas demandan a la CFE por ecocidio ante la poda indebida de \u00e1rboles en la capital"},"content":{"rendered":"\n<p>Evlin Arag\u00f3n\/Zona Roja. Foto: ilustraci\u00f3n<\/p>\n\n\n\n<p>Oaxaca de Ju\u00e1rez, Oax., 19 de febrero\nde 2020.- \u201cNing\u00fan servicio puede estar por encima del bien com\u00fan\u201d, asegur\u00f3\nNasario Garc\u00eda Ram\u00edrez, ambientalista oaxaque\u00f1o que present\u00f3 una denuncia en\ncontra de la Comisi\u00f3n Federal de Electricidad (CFE), por el ecocidio que\nrealiza con la poda indebida de \u00e1rboles para el mantenimiento del cableado de\nla luz el\u00e9ctrica en la capital del estado.<\/p>\n\n\n\n<p>Explic\u00f3 que el pasado viernes present\u00f3\nla denuncia ante la Secretaria del Medio Ambiente y Recursos Naturales\n(Semarnat), la Procuradur\u00eda Federal de Protecci\u00f3n al Ambiente (Profepa),\nSecretar\u00eda de Medio Ambiente, Energ\u00edas y Desarrollo Sustentable de Oaxaca\n(Semaedeso), y el municipio de Oaxaca de Ju\u00e1rez, a fin de que obliguen a la CFE\na dejar de podar de forma agresiva y arbitraria los \u00e1rboles de la capital.<\/p>\n\n\n\n<p>Reconoci\u00f3 que para mantener el cableado\nen buen estado y sin riesgo de un accidente se deben realizar las podas de los\nejemplares; sin embargo, existe un manual realizado por las dependencias en\nmateria ambiental que no est\u00e1 siendo tomado en cuenta por la empresa en perjuicio\nde m\u00e1s de 300 \u00e1rboles en la capital oaxaque\u00f1a<\/p>\n\n\n\n<p>\u201cLos cables no te dan agua, no te dan\nox\u00edgeno, s\u00ed te dan energ\u00eda el\u00e9ctrica pero no te dan la vida, no s\u00f3lo es la CFE\ntambi\u00e9n son las empresas de telefon\u00eda quienes realizan la misma pr\u00e1ctica con\nextrema agresividad para los ejemplares y sin seguir el manual en materia\nambiental, contribuyendo as\u00ed en la crisis ecol\u00f3gica que ya se vive en el\nmundo\u201d, dijo.<\/p>\n\n\n\n<p>Garc\u00eda Ram\u00edrez indic\u00f3 que dicha\npr\u00e1ctica est\u00e1 condenando a muerte a los \u00e1rboles, adem\u00e1s de que representan un\nriesgo para la sociedad ya que dejan los ejemplares desbalanceados y con el\nriesgo de caer en temporada de vientos fuertes y lluvias.<\/p>\n\n\n\n<p>El ambientalista indic\u00f3 que al momento\nde presentar la denuncia en las instancias ambientales, autoridades municipales\ndieron a conocer que la CFE no cuenta con los permisos para la poda, lo cual\nincluso incurrir\u00eda en un delito al actuar al margen de la ley en perjuicio de\nla sociedad, ya que los \u00e1rboles son fuente de ox\u00edgeno en beneficio para todas y\ntodos.&nbsp; <\/p>\n\n\n\n<p>Por lo anterior la primera exigencia\nconsiste en la suspensi\u00f3n de las podas realizadas por la CFE, as\u00ed como la\nsanci\u00f3n para quienes resulten responsables del ecocidio y el resarcimiento del\nda\u00f1o al medio medio ambiente de una empresa que, parad\u00f3jicamente, hace un par\nde a\u00f1os recibi\u00f3 un reconocimiento por ser una \u201cempresa limpia\u201d.<\/p>\n\n\n\n<p>Independientemente de la denuncia, este\nlunes un grupo de ambientalistas realizar\u00e1 una protesta en las instalaciones de\nla CFE, ubicadas en la agencia municipal de San Felipe para hacer evidente el\nda\u00f1o ambiental que realizan y la necesidad de voltear los ojos ya \u2013de forma\nurgente- ante la problem\u00e1tica que se agrava ante la indiferencia de la\nsociedad, las empresas y las autoridades de todos los niveles de gobierno.&nbsp; <\/p>\n\n\n\n<p>Finalmente, lament\u00f3 que a m\u00e1s del 80\npor ciento de la sociedad no le interese el tema ecol\u00f3gico, pese a que las\ncondiciones de acceso al agua y los fen\u00f3menos clim\u00e1ticos impacten cada vez m\u00e1s\nde forma negativa a la poblaci\u00f3n mundial que a\u00fan prefiere voltear a otro lado,\nigual que las autoridades.<\/p>\n\n\n\n<p>\u201cLa guerra por el agua ya empez\u00f3,\nprueba de ello es que cada vez es m\u00e1s complicado contar con el vital l\u00edquido\ncomo derecho humano; aqu\u00ed en San Felipe \u00e9ramos proveedores de agua y ahora\ntenemos que adquirir pipas, eso es solo un ejemplo de lo que viene, pero ni a\u00fan\nas\u00ed la sociedad y las autoridades toman en serio el tema del cuidado al medio\nambiente\u201d, concluy\u00f3.<\/p>\n","protected":false},"excerpt":{"rendered":"<p>Evlin Arag\u00f3n\/Zona Roja. Foto: ilustraci\u00f3n Oaxaca de Ju\u00e1rez, Oax., 19 de febrero de 2020.- \u201cNing\u00fan&hellip;<\/p>\n","protected":false},"author":2,"featured_media":8856,"comment_status":"closed","ping_status":"open","sticky":false,"template":"","format":"standard","meta":{"_lmt_disableupdate":"","_lmt_disable":"","_jetpack_memberships_contains_paid_content":false,"footnotes":""},"categories":[109,47],"tags":[1058],"class_list":["post-8855","post","type-post","status-publish","format-standard","has-post-thumbnail","hentry","category-minuto-a-minuto","category-zona-gris","tag-comision-federal-de-electricidad"],"jetpack_featured_media_url":"https:\/\/zonaroja.com.mx\/wp-content\/uploads\/2020\/02\/Podas-CFE.jpg","jetpack_sharing_enabled":true,"_links":{"self":[{"href":"https:\/\/zonaroja.com.mx\/index.php?rest_route=\/wp\/v2\/posts\/8855","targetHints":{"allow":["GET"]}}],"collection":[{"href":"https:\/\/zonaroja.com.mx\/index.php?rest_route=\/wp\/v2\/posts"}],"about":[{"href":"https:\/\/zonaroja.com.mx\/index.php?rest_route=\/wp\/v2\/types\/post"}],"author":[{"embeddable":true,"href":"https:\/\/zonaroja.com.mx\/index.php?rest_route=\/wp\/v2\/users\/2"}],"replies":[{"embeddable":true,"href":"https:\/\/zonaroja.com.mx\/index.php?rest_route=%2Fwp%2Fv2%2Fcomments&post=8855"}],"version-history":[{"count":1,"href":"https:\/\/zonaroja.com.mx\/index.php?rest_route=\/wp\/v2\/posts\/8855\/revisions"}],"predecessor-version":[{"id":8857,"href":"https:\/\/zonaroja.com.mx\/index.php?rest_route=\/wp\/v2\/posts\/8855\/revisions\/8857"}],"wp:featuredmedia":[{"embeddable":true,"href":"https:\/\/zonaroja.com.mx\/index.php?rest_route=\/wp\/v2\/media\/8856"}],"wp:attachment":[{"href":"https:\/\/zonaroja.com.mx\/index.php?rest_route=%2Fwp%2Fv2%2Fmedia&parent=8855"}],"wp:term":[{"taxonomy":"category","embeddable":true,"href":"https:\/\/zonaroja.com.mx\/index.php?rest_route=%2Fwp%2Fv2%2Fcategories&post=8855"},{"taxonomy":"post_tag","embeddable":true,"href":"https:\/\/zonaroja.com.mx\/index.php?rest_route=%2Fwp%2Fv2%2Ftags&post=8855"}],"curies":[{"name":"wp","href":"https:\/\/api.w.org\/{rel}","templated":true}]}}