{"id":8862,"date":"2020-02-17T09:20:05","date_gmt":"2020-02-17T15:20:05","guid":{"rendered":"http:\/\/www.zonaroja.com.mx\/?p=8862"},"modified":"2020-02-17T09:20:07","modified_gmt":"2020-02-17T15:20:07","slug":"mexico-se-irrita-nuevamente-ahora-por-el-asesinato-de-una-nina-en-tlahuac","status":"publish","type":"post","link":"https:\/\/zonaroja.com.mx\/?p=8862","title":{"rendered":"M\u00e9xico se irrita nuevamente, ahora por el asesinato de una ni\u00f1a en Tl\u00e1huac"},"content":{"rendered":"\n<p>Redacci\u00f3n\/Zona Roja Cdmx.<\/p>\n\n\n\n<p>Ciudad de M\u00e9xico, 17 de febrero de 2020.-\nLa irritaci\u00f3n social deton\u00f3 nuevamente en M\u00e9xico por la grave violencia en\ncontra de las mujeres.<\/p>\n\n\n\n<p>El cuerpo de una menor de edad de entre\nsiete y nueve a\u00f1os fue encontrado ayer dentro de una bolsa en calles de la\ncolonia Los Reyes, alcald\u00eda Tl\u00e1huac, Ciudad de M\u00e9xico. <\/p>\n\n\n\n<p>Ante dicho descubrimiento, el\nMinisterio Publico avis\u00f3 a la Fiscal\u00eda Central de Investigaci\u00f3n para la\nAtenci\u00f3n del Delito de Homicidio y se activ\u00f3 el protocolo de feminicidio,\ninform\u00f3 el diario \u201cMilenio\u201d. <\/p>\n\n\n\n<p>Personal de la Coordinaci\u00f3n General de\nServicios Periciales en materia de criminal\u00edstica, fotograf\u00eda y qu\u00edmica acudi\u00f3\nal lugar para realizar las diligencias, en coadyuvancia con agentes de la\nPolic\u00eda de Investigaci\u00f3n. <\/p>\n\n\n\n<p>En tanto, la Facultad de Derecho la\nUNAM inform\u00f3 sobre la desaparici\u00f3n de la alumna F\u00e1tima Quitzia Mart\u00ednez Lecona.\n<\/p>\n\n\n\n<p>De acuerdo con \u201cMilenio\u201d, la joven de\n20 a\u00f1os desapareci\u00f3 en la colonia Ciudad Universitaria, Coyoac\u00e1n, el 12 de\nfebrero. <\/p>\n\n\n\n<p>Tambi\u00e9n en CdMx, un juez federal\nsentenci\u00f3 a 42 a\u00f1os de prisi\u00f3n al maestro Juan Fidel Pe\u00f1a Cort\u00e9s, quien fue\nencontrado penalmente responsable por los delitos de pederastia agravada y\nviolaci\u00f3n equiparada agravada contra una menor de edad, quien era su alumna.\nAdem\u00e1s, deber\u00e1 pagar una multa para reparar el da\u00f1o.<\/p>\n\n\n\n<p>En Tamaulipas, seg\u00fan detalla \u201cMilenio\u201d,\nen memoria de Ingrid Escamilla, Pamela Salas y Mar\u00eda Zamudio, 20 j\u00f3venes se\nmanifestaron en frente al Palacio de Gobierno para solicitar que cesen los\nfeminicidios en el pa\u00eds. <\/p>\n\n\n\n<p>FACILITAR\u00c1N DENUNCIAS <\/p>\n\n\n\n<p>La jefa de Gobierno de Ciudad de\nM\u00e9xico, Claudia Sheinbaum, inform\u00f3 que con todo y el decreto de la Alerta de\nViolencia contra las Mujeres, su administraci\u00f3n ya trabaja en un protocolo para\nbajar \u201clos feminicidios en la ciudad\u201d muy claro, que d\u00e9 confianza a las\nv\u00edctimas de denunciar ante las autoridades. <\/p>\n\n\n\n<p>DETONAN MARCHAS<\/p>\n\n\n\n<p>Respecto de la marcha del viernes\ncontra los feminicidios, Sheinbaum coment\u00f3 que los da\u00f1os en diferentes\ninmuebles p\u00fablicos, as\u00ed como al Metrob\u00fas, no son m\u00e1s all\u00e1 de lo que se\ncontempla en los seguros. <\/p>\n\n\n\n<p>Adem\u00e1s, neg\u00f3 que las oficiales del\nGrupo Atenea, que estuvieron durante el desarrollo de las movilizaciones, hayan\nusado gases verdes. \u201cLo \u00fanico que utilizaron fueron extinguidores, no hay\nautorizaci\u00f3n para usar otra cosa, y si lo hacen es porque ya hemos visto que se\npueden provocar incendios. Si hay pruebas de que se us\u00f3 otra cosa, que las\nafectadas denuncien\u201d.<\/p>\n","protected":false},"excerpt":{"rendered":"<p>Redacci\u00f3n\/Zona Roja Cdmx. Ciudad de M\u00e9xico, 17 de febrero de 2020.- La irritaci\u00f3n social deton\u00f3&hellip;<\/p>\n","protected":false},"author":2,"featured_media":8863,"comment_status":"closed","ping_status":"open","sticky":false,"template":"","format":"standard","meta":{"_lmt_disableupdate":"","_lmt_disable":"","_jetpack_memberships_contains_paid_content":false,"footnotes":""},"categories":[1],"tags":[],"class_list":["post-8862","post","type-post","status-publish","format-standard","has-post-thumbnail","hentry","category-sin-categoria"],"jetpack_featured_media_url":"https:\/\/zonaroja.com.mx\/wp-content\/uploads\/2020\/02\/del-tlahuac.jpg","jetpack_sharing_enabled":true,"_links":{"self":[{"href":"https:\/\/zonaroja.com.mx\/index.php?rest_route=\/wp\/v2\/posts\/8862","targetHints":{"allow":["GET"]}}],"collection":[{"href":"https:\/\/zonaroja.com.mx\/index.php?rest_route=\/wp\/v2\/posts"}],"about":[{"href":"https:\/\/zonaroja.com.mx\/index.php?rest_route=\/wp\/v2\/types\/post"}],"author":[{"embeddable":true,"href":"https:\/\/zonaroja.com.mx\/index.php?rest_route=\/wp\/v2\/users\/2"}],"replies":[{"embeddable":true,"href":"https:\/\/zonaroja.com.mx\/index.php?rest_route=%2Fwp%2Fv2%2Fcomments&post=8862"}],"version-history":[{"count":1,"href":"https:\/\/zonaroja.com.mx\/index.php?rest_route=\/wp\/v2\/posts\/8862\/revisions"}],"predecessor-version":[{"id":8864,"href":"https:\/\/zonaroja.com.mx\/index.php?rest_route=\/wp\/v2\/posts\/8862\/revisions\/8864"}],"wp:featuredmedia":[{"embeddable":true,"href":"https:\/\/zonaroja.com.mx\/index.php?rest_route=\/wp\/v2\/media\/8863"}],"wp:attachment":[{"href":"https:\/\/zonaroja.com.mx\/index.php?rest_route=%2Fwp%2Fv2%2Fmedia&parent=8862"}],"wp:term":[{"taxonomy":"category","embeddable":true,"href":"https:\/\/zonaroja.com.mx\/index.php?rest_route=%2Fwp%2Fv2%2Fcategories&post=8862"},{"taxonomy":"post_tag","embeddable":true,"href":"https:\/\/zonaroja.com.mx\/index.php?rest_route=%2Fwp%2Fv2%2Ftags&post=8862"}],"curies":[{"name":"wp","href":"https:\/\/api.w.org\/{rel}","templated":true}]}}