{"id":8867,"date":"2020-02-17T15:26:29","date_gmt":"2020-02-17T21:26:29","guid":{"rendered":"https:\/\/www.zonaroja.com.mx\/?p=8867"},"modified":"2020-02-17T15:26:36","modified_gmt":"2020-02-17T21:26:36","slug":"van-34-oaxaquenos-fallecidos-en-el-extranjero-en-2020-buscaban-mejor-vida","status":"publish","type":"post","link":"https:\/\/zonaroja.com.mx\/?p=8867","title":{"rendered":"Van 34 oaxaque\u00f1os fallecidos en el extranjero en 2020; buscaban mejor vida"},"content":{"rendered":"\n<p>Yuridiana Sosa\/Zona Roja.<\/p>\n\n\n\n<p>Oaxaca de Ju\u00e1rez, Oax., 17 de febrero de 2020.- En su intento por pasar o durante su estancia en el extranjero, principalmente en los Estados Unidos, 34 oaxaque\u00f1os han perdido la vida en lo que va del 2020, inform\u00f3 el Instituto Oaxaque\u00f1o de Atenci\u00f3n al Migrante (IOAM).<\/p>\n\n\n\n<p>El caso m\u00e1s reciente es el de tres hermanas, Paula, Margarita y Juana Santos Arce (de 29, 33 y 35 a\u00f1os de edad, respectivamente) originarias de la comunidad de El Jicaral, del municipio de Coicoy\u00e1n de las Flores, quienes el pasado 10 de febrero fallecieron por hipotermia a consecuencias de las bajas temperaturas durante su paso por Mount Laguna, Condado de San Diego, California.<\/p>\n\n\n\n<p>Para el traslado de los restos, el IOAM estableci\u00f3 comunicaci\u00f3n con la familia para apoyarlos con los procedimientos y gastos, mientras que amigos de los familiares comenzaron una colecta para ayudar sus padres debido a los bajos recursos con los que cuenta.<\/p>\n\n\n\n<p>De enero a la fecha, la Unidad de Polic\u00eda Migratoria, inform\u00f3 sobre el fallecimiento de 28 hombres y tres mujeres de origen oaxaque\u00f1o, a los que se suma el reciente caso <a href=\"\/\/2\">de las tres<\/a> hermanas originarias de la regi\u00f3n de la Mixteca, report\u00f3 el Instituto Oaxaque\u00f1o.<\/p>\n\n\n\n<p>Entre las principales causas se encuentra las muertes naturales, seguida de las ocasionadas por accidentes y en menor escala por muertes violentas o su intento por llegar a su destino en el pa\u00eds vecino del norte.<\/p>\n\n\n\n<p>En tanto que son los migrantes oaxaque\u00f1os que durante este a\u00f1o registran la mayor incidencia fatal eran originarios de las regiones de la Costa, con ocho casos; la Mixteca con nueve y Valles Centrales con siete.<\/p>\n\n\n\n<p>Durante el a\u00f1o 2019, el IOAM report\u00f3 el fallecimiento de 184 oaxaque\u00f1os en el extranjero, 153 fueron hombres y 31 mujeres, con un origen en su mayor\u00eda de las regiones de Valles Centrales y Mixteca con 44 casos, mientras que en el Istmo fueron 41.<\/p>\n\n\n\n<p>El a\u00f1o pasado tambi\u00e9n predominaron las muertes naturales como principal causa del deceso, con 91 v\u00edctimas; 36 por muerte accidental; en el caso de muertes violentas fueron 18 y en su intento 10; mientras que en 29 casos a\u00fan se investigan las causas.<\/p>\n\n\n\n<p>La directora del Instituto Oaxaque\u00f1o de Atenci\u00f3n al Migrante (IOAM), A\u00edda Ruiz, reiter\u00f3 la colaboraci\u00f3n con las familias de las v\u00edctimas para el retorno de sus restos, procedimiento del cual la instituci\u00f3n cubre al 100 por ciento de la Ciudad de M\u00e9xico a sus comunidades de origen.<\/p>\n","protected":false},"excerpt":{"rendered":"<p>Yuridiana Sosa\/Zona Roja. Oaxaca de Ju\u00e1rez, Oax., 17 de febrero de 2020.- En su intento&hellip;<\/p>\n","protected":false},"author":2,"featured_media":8866,"comment_status":"closed","ping_status":"open","sticky":false,"template":"","format":"standard","meta":{"_lmt_disableupdate":"","_lmt_disable":"","_jetpack_memberships_contains_paid_content":false,"footnotes":""},"categories":[1],"tags":[],"class_list":["post-8867","post","type-post","status-publish","format-standard","has-post-thumbnail","hentry","category-sin-categoria"],"jetpack_featured_media_url":"https:\/\/zonaroja.com.mx\/wp-content\/uploads\/2020\/02\/img_9601.jpg","jetpack_sharing_enabled":true,"_links":{"self":[{"href":"https:\/\/zonaroja.com.mx\/index.php?rest_route=\/wp\/v2\/posts\/8867","targetHints":{"allow":["GET"]}}],"collection":[{"href":"https:\/\/zonaroja.com.mx\/index.php?rest_route=\/wp\/v2\/posts"}],"about":[{"href":"https:\/\/zonaroja.com.mx\/index.php?rest_route=\/wp\/v2\/types\/post"}],"author":[{"embeddable":true,"href":"https:\/\/zonaroja.com.mx\/index.php?rest_route=\/wp\/v2\/users\/2"}],"replies":[{"embeddable":true,"href":"https:\/\/zonaroja.com.mx\/index.php?rest_route=%2Fwp%2Fv2%2Fcomments&post=8867"}],"version-history":[{"count":1,"href":"https:\/\/zonaroja.com.mx\/index.php?rest_route=\/wp\/v2\/posts\/8867\/revisions"}],"predecessor-version":[{"id":8868,"href":"https:\/\/zonaroja.com.mx\/index.php?rest_route=\/wp\/v2\/posts\/8867\/revisions\/8868"}],"wp:featuredmedia":[{"embeddable":true,"href":"https:\/\/zonaroja.com.mx\/index.php?rest_route=\/wp\/v2\/media\/8866"}],"wp:attachment":[{"href":"https:\/\/zonaroja.com.mx\/index.php?rest_route=%2Fwp%2Fv2%2Fmedia&parent=8867"}],"wp:term":[{"taxonomy":"category","embeddable":true,"href":"https:\/\/zonaroja.com.mx\/index.php?rest_route=%2Fwp%2Fv2%2Fcategories&post=8867"},{"taxonomy":"post_tag","embeddable":true,"href":"https:\/\/zonaroja.com.mx\/index.php?rest_route=%2Fwp%2Fv2%2Ftags&post=8867"}],"curies":[{"name":"wp","href":"https:\/\/api.w.org\/{rel}","templated":true}]}}