{"id":8870,"date":"2020-02-17T16:47:31","date_gmt":"2020-02-17T22:47:31","guid":{"rendered":"https:\/\/www.zonaroja.com.mx\/?p=8870"},"modified":"2020-02-17T18:01:25","modified_gmt":"2020-02-18T00:01:25","slug":"ejecutan-en-capital-de-oaxaca-a-hermano-de-edil-de-san-sebastian-rio-hondo","status":"publish","type":"post","link":"https:\/\/zonaroja.com.mx\/?p=8870","title":{"rendered":"Ejecutan en capital de Oaxaca a hermano de edil de San Sebasti\u00e1n R\u00edo Hondo"},"content":{"rendered":"\n<p>Redacci\u00f3n\/Zona Roja<\/p>\n\n\n\n<p>Oaxaca de Ju\u00e1rez, Oax.,17 de febrero de 2020.- En un ataque armado en la agencia de Pueblo Nuevo de la capital de Oaxaca, fue asesinado hoy Evodio Garc\u00eda Hern\u00e1ndez, hermano del edil de San Sebasti\u00e1n R\u00edo Hondo, Juvenal Garc\u00eda. <\/p>\n\n\n\n<p>El hecho se registr\u00f3 poco despu\u00e9s del medio d\u00eda de <a href=\"\/\/1\">este lunes<\/a>, a unos 500 metros de un m\u00f3dulo de la Polic\u00eda Municipal del ayuntamiento de Oaxaca de Ju\u00e1rez y a poco metros de la <a href=\"\/\/2\">Carretera Internacional 190 Oaxaca-M\u00e9xico<\/a>, en la colonia La Joya.<\/p>\n\n\n\n<p>El cuerpo de la v\u00edctima qued\u00f3 debajo de un cami\u00f3n tipo torton, estacionado en calle principal de acceso a dicho asentamiento, denominada Diamante; una de las balas impact\u00f3 sobre el abdomen del hombre, quien se encontraba desnud\u00f3 del torso al momento del ataque.<\/p>\n\n\n\n<figure class=\"wp-block-embed-twitter wp-block-embed is-type-rich is-provider-twitter\"><div class=\"wp-block-embed__wrapper\">\n<div class=\"twitter-tweet\"><blockquote class=\"twitter-tweet\" data-lang=\"es\"><p lang=\"es\" dir=\"ltr\"><a href=\"https:\/\/twitter.com\/hashtag\/ENVIVO?src=hash&amp;ref_src=twsrc%5Etfw\">#ENVIVO<\/a><br>Oaxaca de Ju\u00e1rez, Oax., 17 de febrero de 2020. En la calle de acceso a la colonia La Joya, agencia de Pueblo Nuevo, ciudad de Oaxaca, fue ejecutado Evodio Garc\u00eda Hern\u00e1ndez; se presume ajuste de cuentas, lo que indagan autoridades. <br>\ud83d\udc47<a href=\"https:\/\/t.co\/z1t7yFpbeH\">https:\/\/t.co\/z1t7yFpbeH<\/a> <a href=\"https:\/\/t.co\/FS2OgZmqsF\">pic.twitter.com\/FS2OgZmqsF<\/a><\/p>&mdash; Zona Roja Oaxaca (@MexRoja) <a href=\"https:\/\/twitter.com\/MexRoja\/status\/1229485566733029377?ref_src=twsrc%5Etfw\">17 de febrero de 2020<\/a><\/blockquote><\/div>\n<\/div><\/figure>\n\n\n\n<p>Los reportes policiales indicaron que se trat\u00f3 del hermano de presidente de R\u00edo Hondo, Juvenal Garc\u00eda, del distrito de Miahuatl\u00e1n, de la regi\u00f3n Sierra Sur.<\/p>\n\n\n\n<p>Presuntamente, la v\u00edctima recibi\u00f3 con anterioridad amenazas y era seguido por sus atacantes, debido a presuntos conflictos con siembra y tr\u00e1fico de estupefacientes.<\/p>\n\n\n\n<p>Al lugar arribaron decenas de elementos del cuerpos de seguridad de nivel Estatal y Municipal, que acordonaron el \u00e1reas varios minutos despu\u00e9s de los hechos, donde hallaron casquillos percutidos de armas de grueso calibre. <\/p>\n\n\n\n<p>Una partida de la Guardia Nacional arrib\u00f3 dos horas despu\u00e9s de los hechos. <\/p>\n\n\n\n<figure class=\"wp-block-embed-facebook wp-block-embed is-type-video is-provider-facebook\"><div class=\"wp-block-embed__wrapper\">\n<div class=\"fb-video\" data-allowfullscreen=\"true\" data-href=\"https:\/\/www.facebook.com\/zonaroja.com.mx\/videos\/609509549897691\/?vh=e&#038;d=n\" style=\"background-color: #fff; display: inline-block;\"><\/div>\n<\/div><\/figure>\n","protected":false},"excerpt":{"rendered":"<p>Redacci\u00f3n\/Zona Roja Oaxaca de Ju\u00e1rez, Oax.,17 de febrero de 2020.- En un ataque armado en&hellip;<\/p>\n","protected":false},"author":2,"featured_media":8869,"comment_status":"closed","ping_status":"open","sticky":false,"template":"","format":"standard","meta":{"_lmt_disableupdate":"","_lmt_disable":"","_jetpack_memberships_contains_paid_content":false,"footnotes":""},"categories":[109,51],"tags":[1385],"class_list":["post-8870","post","type-post","status-publish","format-standard","has-post-thumbnail","hentry","category-minuto-a-minuto","category-zona-roja","tag-san-sebastian-rio-hondo"],"jetpack_featured_media_url":"https:\/\/zonaroja.com.mx\/wp-content\/uploads\/2020\/02\/9ef3b34b-189b-4303-8162-3d57f94af0c5.jpg","jetpack_sharing_enabled":true,"_links":{"self":[{"href":"https:\/\/zonaroja.com.mx\/index.php?rest_route=\/wp\/v2\/posts\/8870","targetHints":{"allow":["GET"]}}],"collection":[{"href":"https:\/\/zonaroja.com.mx\/index.php?rest_route=\/wp\/v2\/posts"}],"about":[{"href":"https:\/\/zonaroja.com.mx\/index.php?rest_route=\/wp\/v2\/types\/post"}],"author":[{"embeddable":true,"href":"https:\/\/zonaroja.com.mx\/index.php?rest_route=\/wp\/v2\/users\/2"}],"replies":[{"embeddable":true,"href":"https:\/\/zonaroja.com.mx\/index.php?rest_route=%2Fwp%2Fv2%2Fcomments&post=8870"}],"version-history":[{"count":2,"href":"https:\/\/zonaroja.com.mx\/index.php?rest_route=\/wp\/v2\/posts\/8870\/revisions"}],"predecessor-version":[{"id":8873,"href":"https:\/\/zonaroja.com.mx\/index.php?rest_route=\/wp\/v2\/posts\/8870\/revisions\/8873"}],"wp:featuredmedia":[{"embeddable":true,"href":"https:\/\/zonaroja.com.mx\/index.php?rest_route=\/wp\/v2\/media\/8869"}],"wp:attachment":[{"href":"https:\/\/zonaroja.com.mx\/index.php?rest_route=%2Fwp%2Fv2%2Fmedia&parent=8870"}],"wp:term":[{"taxonomy":"category","embeddable":true,"href":"https:\/\/zonaroja.com.mx\/index.php?rest_route=%2Fwp%2Fv2%2Fcategories&post=8870"},{"taxonomy":"post_tag","embeddable":true,"href":"https:\/\/zonaroja.com.mx\/index.php?rest_route=%2Fwp%2Fv2%2Ftags&post=8870"}],"curies":[{"name":"wp","href":"https:\/\/api.w.org\/{rel}","templated":true}]}}