{"id":8874,"date":"2020-02-17T18:28:48","date_gmt":"2020-02-18T00:28:48","guid":{"rendered":"http:\/\/www.zonaroja.com.mx\/?p=8874"},"modified":"2020-02-17T18:28:52","modified_gmt":"2020-02-18T00:28:52","slug":"confirma-fiscalia-asesinato-de-3-estudiantes-en-costa-otro-ataque-armado-en-mixteca","status":"publish","type":"post","link":"https:\/\/zonaroja.com.mx\/?p=8874","title":{"rendered":"Confirma Fiscal\u00eda asesinato de 3 estudiantes en Costa; otro ataque armado en Mixteca"},"content":{"rendered":"\n<p>Ismael Garc\u00eda M.\/Zona Roja.<\/p>\n\n\n\n<p>Oaxaca de Ju\u00e1rez, Oax., 17 de febrero\nde 2020.- La Fiscal\u00eda General del Estado de Oaxaca confirm\u00f3 el asesinato de\ntres estudiantes, perpetrado ayer por la noche en Santiago Llano Grande,\nmunicipio de la Costa chica de Oaxaca.<\/p>\n\n\n\n<p>A trav\u00e9s de redes sociales, difundi\u00f3\nque se dio inicio a la Carpeta de Investigaci\u00f3n 5652\/FCOS\/PINOTEPA\/2020, por \u201cel\nhomicidio de 3 j\u00f3venes en #SantiagoLlanoGrande, regi\u00f3n #Costa\u201d.<\/p>\n\n\n\n<p>Indic\u00f3 que personal multidisciplinario\nde la instituci\u00f3n trabaja en la zona para investigar los hechos.<\/p>\n\n\n\n<p>Hasta el momento no se han revelado\nmayores detalles ni los nombres de las v\u00edctimas; \u00fanicamente se adelant\u00f3 que\nten\u00edan 14, 17 y 19 a\u00f1os de edad, respectivamente; eran originarios de Santa\nMar\u00eda Cortijo.<\/p>\n\n\n\n<figure class=\"wp-block-embed-twitter wp-block-embed is-type-rich is-provider-twitter\"><div class=\"wp-block-embed__wrapper\">\n<div class=\"twitter-tweet\"><blockquote class=\"twitter-tweet\" data-lang=\"es\"><p lang=\"es\" dir=\"ltr\">La <a href=\"https:\/\/twitter.com\/FISCALIA_GobOax?ref_src=twsrc%5Etfw\">@FISCALIA_GobOax<\/a> inici\u00f3 la carpeta de investigaci\u00f3n 5652\/FCOS\/PINOTEPA\/2020, por el homicidio de 3 j\u00f3venes en <a href=\"https:\/\/twitter.com\/hashtag\/SantiagoLlanoGrande?src=hash&amp;ref_src=twsrc%5Etfw\">#SantiagoLlanoGrande<\/a>, regi\u00f3n <a href=\"https:\/\/twitter.com\/hashtag\/Costa?src=hash&amp;ref_src=twsrc%5Etfw\">#Costa<\/a>, cometido el pasado 16 de febrero. Personal multidisciplinario de la Instituci\u00f3n trabaja en la zona para investigar los hechos <a href=\"https:\/\/t.co\/mPMCgNrCyr\">pic.twitter.com\/mPMCgNrCyr<\/a><\/p>&mdash; Fiscal\u00eda General (@FISCALIA_GobOax) <a href=\"https:\/\/twitter.com\/FISCALIA_GobOax\/status\/1229421373736603648?ref_src=twsrc%5Etfw\">17 de febrero de 2020<\/a><\/blockquote><\/div>\n<\/div><\/figure>\n\n\n\n<p>ATAQUE EN HUAJUAPAN<\/p>\n\n\n\n<p>Por otra parte, la Vicefiscal\u00eda\nRegional de la Mixteca confirm\u00f3 que tambi\u00e9n ayer domingo, se suscit\u00f3 un ataque\narmado en la comunidad de La Estancia, perteneciente al municipio de Huajuapan\nde Le\u00f3n.<\/p>\n\n\n\n<p>Como resultado de ello, cuatro personas\nresultaron lesionadas, en los hechos ocurridos anoche alrededor de las 22:30\nhoras en la calle Heladio Ram\u00edrez L\u00f3pez esquina con Reforma, cerca de un\nplantel de preescolar.<\/p>\n\n\n\n<p>Presuntamente cuatro hombres armados\nquienes viajaban a bordo de una camioneta marca Ford, tipo Lobo, color verde,\ncon placas de circulaci\u00f3n VM-40-986 de Tabasco, agredieron a balazos a los\ntripulantes de un autom\u00f3vil marca Nissan, tipo Tsuru color rojo.<\/p>\n\n\n\n<p>En tanto los atacantes huyeron del lugar, abandonando su veh\u00edculo, los lesionados, identificados como Obed R. R., de 30 a\u00f1os de edad; una mujer de 32 a\u00f1os de edad y dos menores de edad, reciben atenci\u00f3n m\u00e9dica en un hospital de Huajuapan de Le\u00f3n.<\/p>\n\n\n\n<figure class=\"wp-block-image\"><img decoding=\"async\" width=\"1024\" height=\"768\" src=\"http:\/\/www.zonaroja.com.mx\/wp-content\/uploads\/2020\/02\/Ataque-armado-Huajuapan-2-1024x768.jpg\" alt=\"\" class=\"wp-image-8876\" srcset=\"https:\/\/zonaroja.com.mx\/wp-content\/uploads\/2020\/02\/Ataque-armado-Huajuapan-2-1024x768.jpg 1024w, https:\/\/zonaroja.com.mx\/wp-content\/uploads\/2020\/02\/Ataque-armado-Huajuapan-2-300x225.jpg 300w, https:\/\/zonaroja.com.mx\/wp-content\/uploads\/2020\/02\/Ataque-armado-Huajuapan-2-768x576.jpg 768w, https:\/\/zonaroja.com.mx\/wp-content\/uploads\/2020\/02\/Ataque-armado-Huajuapan-2-585x439.jpg 585w, https:\/\/zonaroja.com.mx\/wp-content\/uploads\/2020\/02\/Ataque-armado-Huajuapan-2.jpg 1080w\" sizes=\"(max-width: 1024px) 100vw, 1024px\" \/><\/figure>\n","protected":false},"excerpt":{"rendered":"<p>Ismael Garc\u00eda M.\/Zona Roja. Oaxaca de Ju\u00e1rez, Oax., 17 de febrero de 2020.- La Fiscal\u00eda&hellip;<\/p>\n","protected":false},"author":2,"featured_media":8875,"comment_status":"closed","ping_status":"open","sticky":false,"template":"","format":"standard","meta":{"_lmt_disableupdate":"","_lmt_disable":"","_jetpack_memberships_contains_paid_content":false,"footnotes":""},"categories":[109,51],"tags":[594,1386],"class_list":["post-8874","post","type-post","status-publish","format-standard","has-post-thumbnail","hentry","category-minuto-a-minuto","category-zona-roja","tag-huajuapan-de-leon","tag-la-estancia"],"jetpack_featured_media_url":"https:\/\/zonaroja.com.mx\/wp-content\/uploads\/2020\/02\/Ataque-armado-Huajuapan-1.jpg","jetpack_sharing_enabled":true,"_links":{"self":[{"href":"https:\/\/zonaroja.com.mx\/index.php?rest_route=\/wp\/v2\/posts\/8874","targetHints":{"allow":["GET"]}}],"collection":[{"href":"https:\/\/zonaroja.com.mx\/index.php?rest_route=\/wp\/v2\/posts"}],"about":[{"href":"https:\/\/zonaroja.com.mx\/index.php?rest_route=\/wp\/v2\/types\/post"}],"author":[{"embeddable":true,"href":"https:\/\/zonaroja.com.mx\/index.php?rest_route=\/wp\/v2\/users\/2"}],"replies":[{"embeddable":true,"href":"https:\/\/zonaroja.com.mx\/index.php?rest_route=%2Fwp%2Fv2%2Fcomments&post=8874"}],"version-history":[{"count":1,"href":"https:\/\/zonaroja.com.mx\/index.php?rest_route=\/wp\/v2\/posts\/8874\/revisions"}],"predecessor-version":[{"id":8877,"href":"https:\/\/zonaroja.com.mx\/index.php?rest_route=\/wp\/v2\/posts\/8874\/revisions\/8877"}],"wp:featuredmedia":[{"embeddable":true,"href":"https:\/\/zonaroja.com.mx\/index.php?rest_route=\/wp\/v2\/media\/8875"}],"wp:attachment":[{"href":"https:\/\/zonaroja.com.mx\/index.php?rest_route=%2Fwp%2Fv2%2Fmedia&parent=8874"}],"wp:term":[{"taxonomy":"category","embeddable":true,"href":"https:\/\/zonaroja.com.mx\/index.php?rest_route=%2Fwp%2Fv2%2Fcategories&post=8874"},{"taxonomy":"post_tag","embeddable":true,"href":"https:\/\/zonaroja.com.mx\/index.php?rest_route=%2Fwp%2Fv2%2Ftags&post=8874"}],"curies":[{"name":"wp","href":"https:\/\/api.w.org\/{rel}","templated":true}]}}