{"id":8878,"date":"2020-02-17T19:11:32","date_gmt":"2020-02-18T01:11:32","guid":{"rendered":"http:\/\/www.zonaroja.com.mx\/?p=8878"},"modified":"2020-02-17T19:11:35","modified_gmt":"2020-02-18T01:11:35","slug":"pide-titular-del-poder-judicial-sensibilidad-al-juzgador-en-administracion-de-justicia","status":"publish","type":"post","link":"https:\/\/zonaroja.com.mx\/?p=8878","title":{"rendered":"Pide titular del Poder Judicial sensibilidad al juzgador, en administraci\u00f3n de justicia"},"content":{"rendered":"\n<p>Redacci\u00f3n\/Zona Roja.<\/p>\n\n\n\n<p>Oaxaca de Ju\u00e1rez, Oax., 17 de febrero\nde 2020.- En aras de fortalecer la relaci\u00f3n de trabajo y la coordinaci\u00f3n, el magistrado\nEduardo Pinacho S\u00e1nchez presidi\u00f3 la Primera Reuni\u00f3n General de Juezas y Jueces\ndel Poder Judicial del Estado de Oaxaca.<\/p>\n\n\n\n<p>\u201cUno de los ejes fundamentales sobre\nlos que quiero construir esta administraci\u00f3n, es la sensibilidad del juzgador\u201d,\nsubray\u00f3 el presidente del Tribunal Superior de Justicia, ante sus\ncolaboradores, a quienes exhort\u00f3 a trabajar como un solo equipo, con sentido de\npertenencia, en beneficio de la instituci\u00f3n y la sociedad.<\/p>\n\n\n\n<p>Con reuniones como \u00e9sta \u2013que se\ndesarrollar\u00e1n peri\u00f3dicamente durante todo el a\u00f1o-, se busca fortalecer\nsinergias entre las y los juzgadores con el fin de contar con la informaci\u00f3n\ndirecta de las necesidades actuales de los \u00f3rganos impartidores de justicia,\ntanto en el aspecto jurisdiccional como administrativo, y tomar las medidas\nnecesarias para su respectiva resoluci\u00f3n.<\/p>\n\n\n\n<p>Acompa\u00f1ado de directores de diferentes\n\u00e1reas y ante m\u00e1s de 130 juezas y jueces en materia civil, familiar, mercantil,\npenal y mixta del sistema tradicional, especializados en justicia para\nadolescentes as\u00ed como del sistema acusatorio penal, el tambi\u00e9n presidente del\nConsejo de la Judicatura les reconoci\u00f3 su entrega, sacrificio, responsabilidad\ny el empe\u00f1o que la mayor\u00eda pone en su trabajo.<\/p>\n\n\n\n<p>\u201cTenemos que reconfigurar al juzgador\nque considera que la \u00fanica forma de soluci\u00f3n es la sentencia, y que el \u00fanico\nmedio para resolver el conflicto es el proceso. <\/p>\n\n\n\n<p>\u201cEse ya es un concepto at\u00e1vico;\nactualmente, en los pa\u00edses m\u00e1s avanzados se resuelven a trav\u00e9s del arbitraje,\nla conciliaci\u00f3n y mediaci\u00f3n. Por ello, quiero fortalecer a justicia\nalternativa, que es la justicia del futuro y ver a un juez fuerte, socialmente\nposicionado y respetado\u201d, puntualiz\u00f3 el titular del PJE.<\/p>\n\n\n\n<p>Les comparti\u00f3 tambi\u00e9n parte de los\nlogros que ha obtenido en las primeras semanas de su administraci\u00f3n, como son\nla pr\u00f3xima firma de convenios para fortalecer el tema de traductores en lenguas\nind\u00edgenas y la capacitaci\u00f3n en pluralismo jur\u00eddico y derechos humanos, la\ndignificaci\u00f3n de los juzgados y est\u00edmulos para quienes destaquen por su labor.<\/p>\n\n\n\n<p>El magistrado Pinacho S\u00e1nchez reconoci\u00f3\nel apoyo institucional, que en un marco de irrestricto respeto a la divisi\u00f3n de\npoderes, ha recibido del Gobernador del Estado, Alejandro Murat Hinojosa, para\ntrabajar en acciones conjuntas en materia de impartici\u00f3n de justicia.<\/p>\n\n\n\n<p>En su oportunidad, las directoras de\nPericiales, Licenciada Yadira Piedad Saavedra L\u00f3pez; de Planeaci\u00f3n e\nInform\u00e1tica, Contadora Hermelinda Graciela Zarate y de Justicia Alternativa,\nLicenciada Betzzaida Cruz Mendoza, as\u00ed como los directores de la Escuela\nJudicial, Maestro H\u00e9ctor Humberto V\u00e1squez Quevedo; de Administraci\u00f3n,\nLicenciado Guillermo Trejo Carbajal y de Finanzas, Contador Andr\u00e9s Pacheco\nAguilar, en un di\u00e1logo directo con las juezas y jueces, expusieron aspectos del\n\u00e1rea que dirigen, atendieron y tomaron nota de los planteamientos presentados.<\/p>\n\n\n\n<p>Durante la reuni\u00f3n, en la que estuvo\ntambi\u00e9n presente el secretario ejecutivo del Consejo de la Judicatura,\nLicenciado Jes\u00fas Ezequiel L\u00f3pez Garc\u00eda, las y los juzgadores, respaldaron el\ntrabajo iniciado por el Magistrado Presidente del Poder Judicial y expusieron\nsus necesidades m\u00e1s urgentes que requieren de atenci\u00f3n para mejorar la labor\nque desarrollan.<\/p>\n","protected":false},"excerpt":{"rendered":"<p>Redacci\u00f3n\/Zona Roja. Oaxaca de Ju\u00e1rez, Oax., 17 de febrero de 2020.- En aras de fortalecer&hellip;<\/p>\n","protected":false},"author":2,"featured_media":8879,"comment_status":"closed","ping_status":"open","sticky":false,"template":"","format":"standard","meta":{"_lmt_disableupdate":"","_lmt_disable":"","_jetpack_memberships_contains_paid_content":false,"footnotes":""},"categories":[46],"tags":[1225,1369],"class_list":["post-8878","post","type-post","status-publish","format-standard","has-post-thumbnail","hentry","category-zona-blanca","tag-eduardo-pinacho-sanchez","tag-tribunal-superior-de-justicia-de-oaxacatsejo"],"jetpack_featured_media_url":"https:\/\/zonaroja.com.mx\/wp-content\/uploads\/2020\/02\/IMG_2863.jpg","jetpack_sharing_enabled":true,"_links":{"self":[{"href":"https:\/\/zonaroja.com.mx\/index.php?rest_route=\/wp\/v2\/posts\/8878","targetHints":{"allow":["GET"]}}],"collection":[{"href":"https:\/\/zonaroja.com.mx\/index.php?rest_route=\/wp\/v2\/posts"}],"about":[{"href":"https:\/\/zonaroja.com.mx\/index.php?rest_route=\/wp\/v2\/types\/post"}],"author":[{"embeddable":true,"href":"https:\/\/zonaroja.com.mx\/index.php?rest_route=\/wp\/v2\/users\/2"}],"replies":[{"embeddable":true,"href":"https:\/\/zonaroja.com.mx\/index.php?rest_route=%2Fwp%2Fv2%2Fcomments&post=8878"}],"version-history":[{"count":1,"href":"https:\/\/zonaroja.com.mx\/index.php?rest_route=\/wp\/v2\/posts\/8878\/revisions"}],"predecessor-version":[{"id":8880,"href":"https:\/\/zonaroja.com.mx\/index.php?rest_route=\/wp\/v2\/posts\/8878\/revisions\/8880"}],"wp:featuredmedia":[{"embeddable":true,"href":"https:\/\/zonaroja.com.mx\/index.php?rest_route=\/wp\/v2\/media\/8879"}],"wp:attachment":[{"href":"https:\/\/zonaroja.com.mx\/index.php?rest_route=%2Fwp%2Fv2%2Fmedia&parent=8878"}],"wp:term":[{"taxonomy":"category","embeddable":true,"href":"https:\/\/zonaroja.com.mx\/index.php?rest_route=%2Fwp%2Fv2%2Fcategories&post=8878"},{"taxonomy":"post_tag","embeddable":true,"href":"https:\/\/zonaroja.com.mx\/index.php?rest_route=%2Fwp%2Fv2%2Ftags&post=8878"}],"curies":[{"name":"wp","href":"https:\/\/api.w.org\/{rel}","templated":true}]}}