{"id":8896,"date":"2020-02-18T07:27:32","date_gmt":"2020-02-18T13:27:32","guid":{"rendered":"http:\/\/www.zonaroja.com.mx\/?p=8896"},"modified":"2020-02-18T07:28:30","modified_gmt":"2020-02-18T13:28:30","slug":"se-llena-mexico-de-indignacion-por-el-asesinato-de-fatima","status":"publish","type":"post","link":"https:\/\/zonaroja.com.mx\/?p=8896","title":{"rendered":"Se llena M\u00e9xico de indignaci\u00f3n por el asesinato de F\u00e1tima"},"content":{"rendered":"\n<p>Redacci\u00f3n\/Zona Roja Cdmx.<\/p>\n\n\n\n<p>Ciudad de M\u00e9xico, 18 de febrero de 2020.-\nLuego de que la madre de F\u00e1tima denunci\u00f3 su desaparici\u00f3n, el 12 de febrero,\npasaron 24 horas para que la Fiscal\u00eda General de Justicia (FGJ) iniciara la\nb\u00fasqueda de la menor, quien fue hallada muerta el s\u00e1bado pasado en Tl\u00e1huac, Ciudad\nde M\u00e9xico, acusaron t\u00edos de la v\u00edctima, quienes se\u00f1alaron que la ni\u00f1a pudo\nhaber sido encontrada con vida, pero nadie nos hizo caso.<\/p>\n\n\n\n<p>Incluso, agregaron, fue la familia la\nque proporcion\u00f3 a las autoridades el video en el que se ve que una mujer se\nlleva a la ni\u00f1a \u2013el cual obtuvieron de las c\u00e1maras de seguridad de comercios de\nla zona donde ocurrieron los hechos en la colonia Santiago Tulyehualco\u2013, porque\nlas del gobierno capitalino no sirven, seg\u00fan public\u00f3 hoy el diario \u201cLa Jornada\u201d.<\/p>\n\n\n\n<p>\u201cNosotros seguimos la pista de la mujer\nque se la llev\u00f3 de la calle, donde la dejaron sola varias cuadras, y se\nproporcion\u00f3 la informaci\u00f3n a las autoridades, pero hay mucha indiferencia. No\nconf\u00eden en ellas porque no est\u00e1n capacitadas para actuar en estos casos\u201d,\nafirm\u00f3 uno de los familiares que se identific\u00f3 como Miguel.<\/p>\n\n\n\n<p>La mam\u00e1 de F\u00e1tima, Mar\u00eda Magdalena\nAnt\u00f3n, exigi\u00f3 justicia por la muerte de su hija, y ante la jefa de Gobierno,\nClaudia Sheinbaum, afirm\u00f3 que el responsable del homicidio de su hija es un\nhombre al que identific\u00f3 como \u00c1lan Herrera. Sin embargo, fuentes cercanas a la\ninvestigaci\u00f3n se\u00f1alaron que seg\u00fan reportes de los mismos familiares, dicha\npersona falleci\u00f3 hace 10 a\u00f1os.<\/p>\n\n\n\n<p>Sonia L\u00f3pez, t\u00eda de F\u00e1tima, acus\u00f3 que\nel Sistema para el Desarrollo Integral de la Familia (DIF) no hizo nada para\nque F\u00e1tima tuviera los cuidados debidos, pese a que se le inform\u00f3 que la madre\nde la ni\u00f1a padece de una enfermedad mental, por lo que no ten\u00eda las condiciones\npara hacerse cargo de la menor.<\/p>\n\n\n\n<p>Al respecto, el DIF local inform\u00f3 que\nen 2017, familiares de F\u00e1tima solicitaron asesor\u00eda para iniciar un proceso de\nguarda y custodia de la ni\u00f1a, al se\u00f1alar que exist\u00eda descuido y negligencia de\nla madre y su padrastro. Incluso, en 2015 denunciaron ante a dicha instancia,\ntanto local como federal, que la ni\u00f1a sufr\u00eda de maltrato emocional.<\/p>\n\n\n\n<p>INCAPACIDAD<\/p>\n\n\n\n<p>Miguel se\u00f1al\u00f3 que desde el principio la\nautoridad actu\u00f3 con negligencia, pues el Ministerio P\u00fablico de Tl\u00e1huac se neg\u00f3\na levantar la denuncia la noche del 11 de febrero, por lo que la madre tuvo que\nesperar al d\u00eda siguiente para hacerlo en Azcapotzalco ante la Fiscal\u00eda\nEspecializada en la B\u00fasqueda, Localizaci\u00f3n e Investigaci\u00f3n de Personas\nDesaparecidas.<\/p>\n\n\n\n<p>Por su parte, la Fiscal\u00eda General de\nJusticia (FGJ) de la Ciudad de M\u00e9xico ofreci\u00f3 una recompensa de 2 millones de\npesos a quien otorgue informaci\u00f3n de la mujer que se llev\u00f3 a F\u00e1tima Cecilia N,\nde siete a\u00f1os de edad, el pasado 11 de febrero al salir de la escuela primaria\nEnrique R\u00e9bsamen.<\/p>\n\n\n\n<p>En conferencia de prensa, el vocero de\nla dependencia, Ulises Lara, inform\u00f3 que cinco personas declaran en calidad de\ntestigos, tres de los cuales viven en la casa ubicada en la calle Camino Ancho,\nla cual fue cateada ayer, donde ingres\u00f3 un auto con la ni\u00f1a y la mujer.<\/p>\n\n\n\n<p>Mientras\ntanto, padres de familia y vecinos acudieron a la primaria Enrique R\u00e9bsamen\npara exigir mayor seguridad para sus hijos, luego de la desaparici\u00f3n y\nasesinato de la peque\u00f1a F\u00e1tima N, de 7 a\u00f1os, quien era alumna de dicha escuela.<\/p>\n\n\n\n<p>(Con informaci\u00f3n de \u201cLa Jornada\u201d)<\/p>\n","protected":false},"excerpt":{"rendered":"<p>Redacci\u00f3n\/Zona Roja Cdmx. Ciudad de M\u00e9xico, 18 de febrero de 2020.- Luego de que la&hellip;<\/p>\n","protected":false},"author":2,"featured_media":8897,"comment_status":"closed","ping_status":"open","sticky":false,"template":"","format":"standard","meta":{"_lmt_disableupdate":"","_lmt_disable":"","_jetpack_memberships_contains_paid_content":false,"footnotes":""},"categories":[109,51],"tags":[1389],"class_list":["post-8896","post","type-post","status-publish","format-standard","has-post-thumbnail","hentry","category-minuto-a-minuto","category-zona-roja","tag-feminicidio-fatima"],"jetpack_featured_media_url":"https:\/\/zonaroja.com.mx\/wp-content\/uploads\/2020\/02\/F\u00e1tima-sepelio.jpg","jetpack_sharing_enabled":true,"_links":{"self":[{"href":"https:\/\/zonaroja.com.mx\/index.php?rest_route=\/wp\/v2\/posts\/8896","targetHints":{"allow":["GET"]}}],"collection":[{"href":"https:\/\/zonaroja.com.mx\/index.php?rest_route=\/wp\/v2\/posts"}],"about":[{"href":"https:\/\/zonaroja.com.mx\/index.php?rest_route=\/wp\/v2\/types\/post"}],"author":[{"embeddable":true,"href":"https:\/\/zonaroja.com.mx\/index.php?rest_route=\/wp\/v2\/users\/2"}],"replies":[{"embeddable":true,"href":"https:\/\/zonaroja.com.mx\/index.php?rest_route=%2Fwp%2Fv2%2Fcomments&post=8896"}],"version-history":[{"count":1,"href":"https:\/\/zonaroja.com.mx\/index.php?rest_route=\/wp\/v2\/posts\/8896\/revisions"}],"predecessor-version":[{"id":8898,"href":"https:\/\/zonaroja.com.mx\/index.php?rest_route=\/wp\/v2\/posts\/8896\/revisions\/8898"}],"wp:featuredmedia":[{"embeddable":true,"href":"https:\/\/zonaroja.com.mx\/index.php?rest_route=\/wp\/v2\/media\/8897"}],"wp:attachment":[{"href":"https:\/\/zonaroja.com.mx\/index.php?rest_route=%2Fwp%2Fv2%2Fmedia&parent=8896"}],"wp:term":[{"taxonomy":"category","embeddable":true,"href":"https:\/\/zonaroja.com.mx\/index.php?rest_route=%2Fwp%2Fv2%2Fcategories&post=8896"},{"taxonomy":"post_tag","embeddable":true,"href":"https:\/\/zonaroja.com.mx\/index.php?rest_route=%2Fwp%2Fv2%2Ftags&post=8896"}],"curies":[{"name":"wp","href":"https:\/\/api.w.org\/{rel}","templated":true}]}}