{"id":88988,"date":"2026-01-12T11:15:00","date_gmt":"2026-01-12T17:15:00","guid":{"rendered":"https:\/\/zonaroja.com.mx\/?p=88988"},"modified":"2026-01-12T08:52:44","modified_gmt":"2026-01-12T14:52:44","slug":"detienen-a-otros-dos-por-caso-carlos-manzo-uno-es-funcionario","status":"publish","type":"post","link":"https:\/\/zonaroja.com.mx\/?p=88988","title":{"rendered":"Detienen a otros dos por caso Carlos Manzo; uno es funcionario"},"content":{"rendered":"\n<p>Redacci\u00f3n\/Zona Roja Cdmx.<\/p>\n\n\n\n<p>(Informaci\u00f3n de Pol\u00edtico.Mx)<\/p>\n\n\n\n<p>Ciudad de M\u00e9xico, a 12 de enero de 2026.- El secretario de Seguridad y Protecci\u00f3n Ciudadana (SSPC), Omar Garc\u00eda Harfuch, dio a conocer dos nuevas detenciones relacionadas con el caso del asesinato del alcalde de Uruapan, Carlos Manzo.<\/p>\n\n\n\n<p>Se trata de Josu\u00e9 \u2018N\u2019 y Samuel \u2018N\u2019, este \u00faltimo director de Relaciones P\u00fablicas y Protocolo del edil, quien habr\u00eda filtrado la informaci\u00f3n del itinerario de Manzo a la c\u00e9lula que llev\u00f3 a cabo el magnicidio.<\/p>\n\n\n\n<p>\u201cSamuel \u2018N\u2019, el d\u00eda de los hechos le inform\u00f3 a Josu\u00e9 \u2018N\u2019 los detalles del itinerario de Carlos Manzo as\u00ed como los movimientos que realizaba en el marco de las actividades por la celebraci\u00f3n del evento Festival de las Velas\u201d, se\u00f1al\u00f3 el secretario.<\/p>\n\n\n\n<p>Las investigaciones indican que dio a conocer los horarios cuando saldr\u00eda de la Casa de Cultura, los atrasos del alcalde y comparti\u00f3 una foto en el chat donde estaba \u2018El Licenciado\u2019, se\u00f1alado como el autor intelectual del homicidio, la que indicaba que se concentrar\u00eda en la explanada.<\/p>\n\n\n\n<p>De acuerdo con Harfuch, Samuel cuenta con antecedentes penales por lesiones dolosas en el 2007 y robo a negocio en el 2022. Por su parte Josu\u00e9 Elogio, alias \u2018Viejito\u2019, se desempe\u00f1aba como taxista y fue detenido el 9 de enero. Los dos se les acusa de homicidio calificado y lesiones calificadas.<\/p>\n\n\n\n<p>En fechas recientes, las autoridades federales han llevado a cabo detenciones relacionadas con el caso ocurrido el pasado 1 de noviembre durante un evento por el D\u00eda de Muertos.<\/p>\n\n\n\n<p>Las otras personas detenidas son:<\/p>\n\n\n\n<p>Jorge Armando \u2018N\u2019, alias El Licenciado\u2019, identificado como l\u00edder del grupo y uno de los autores intelectuales del crimen<\/p>\n\n\n\n<p>Ricardo \u2018N\u2019, persona encargada del traslado de los integrantes tras la agresi\u00f3n al presidente municipal<\/p>\n\n\n\n<p>Jaciel Antonio \u2018N\u2019, alias \u2018El Pel\u00f3n\u2019, reclutador de personas para actividades criminales<\/p>\n\n\n\n<p>Gerardo \u2018N\u2019, quien era colaborador de la c\u00e9lula y manten\u00eda comunicaci\u00f3n con Jorge Armando \u2018N\u2019 y Ramiro \u2018N\u2019. Durante su captura tambi\u00e9n fue detenida Flor \u2018N\u2019.<\/p>\n\n\n\n<p>Alejandro Baruc \u2018N\u2019, alias \u2018K-OZ\u2019, jefe de una c\u00e9lula generadora de violencia con operaci\u00f3n en la regi\u00f3n, relacionada con homicidios, extorsi\u00f3n y venta de droga.<\/p>\n\n\n\n<p>El viernes tambi\u00e9n se detuvo a Yesenia Mendez Rodr\u00edguez, quien fuera secretaria particular de Manzo y luego de Grecia Quiroz, sin embargo, fue liberada el s\u00e1bado luego de que rindi\u00f3 testimonio ante el Ministerio P\u00fablico.<\/p>\n","protected":false},"excerpt":{"rendered":"<p>Redacci\u00f3n\/Zona Roja Cdmx. (Informaci\u00f3n de Pol\u00edtico.Mx) Ciudad de M\u00e9xico, a 12 de enero de 2026.-&hellip;<\/p>\n","protected":false},"author":2,"featured_media":88989,"comment_status":"closed","ping_status":"open","sticky":false,"template":"","format":"standard","meta":{"_lmt_disableupdate":"","_lmt_disable":"","_jetpack_memberships_contains_paid_content":false,"footnotes":""},"categories":[109,47],"tags":[4507],"class_list":["post-88988","post","type-post","status-publish","format-standard","has-post-thumbnail","hentry","category-minuto-a-minuto","category-zona-gris","tag-carlos-manzo-rodriguez"],"jetpack_featured_media_url":"https:\/\/zonaroja.com.mx\/wp-content\/uploads\/2026\/01\/Detenidos-Uruapan-caso-Carlos-Manzo.jpg.avif","jetpack_sharing_enabled":true,"_links":{"self":[{"href":"https:\/\/zonaroja.com.mx\/index.php?rest_route=\/wp\/v2\/posts\/88988","targetHints":{"allow":["GET"]}}],"collection":[{"href":"https:\/\/zonaroja.com.mx\/index.php?rest_route=\/wp\/v2\/posts"}],"about":[{"href":"https:\/\/zonaroja.com.mx\/index.php?rest_route=\/wp\/v2\/types\/post"}],"author":[{"embeddable":true,"href":"https:\/\/zonaroja.com.mx\/index.php?rest_route=\/wp\/v2\/users\/2"}],"replies":[{"embeddable":true,"href":"https:\/\/zonaroja.com.mx\/index.php?rest_route=%2Fwp%2Fv2%2Fcomments&post=88988"}],"version-history":[{"count":1,"href":"https:\/\/zonaroja.com.mx\/index.php?rest_route=\/wp\/v2\/posts\/88988\/revisions"}],"predecessor-version":[{"id":88990,"href":"https:\/\/zonaroja.com.mx\/index.php?rest_route=\/wp\/v2\/posts\/88988\/revisions\/88990"}],"wp:featuredmedia":[{"embeddable":true,"href":"https:\/\/zonaroja.com.mx\/index.php?rest_route=\/wp\/v2\/media\/88989"}],"wp:attachment":[{"href":"https:\/\/zonaroja.com.mx\/index.php?rest_route=%2Fwp%2Fv2%2Fmedia&parent=88988"}],"wp:term":[{"taxonomy":"category","embeddable":true,"href":"https:\/\/zonaroja.com.mx\/index.php?rest_route=%2Fwp%2Fv2%2Fcategories&post=88988"},{"taxonomy":"post_tag","embeddable":true,"href":"https:\/\/zonaroja.com.mx\/index.php?rest_route=%2Fwp%2Fv2%2Ftags&post=88988"}],"curies":[{"name":"wp","href":"https:\/\/api.w.org\/{rel}","templated":true}]}}