{"id":88992,"date":"2026-01-12T10:30:00","date_gmt":"2026-01-12T16:30:00","guid":{"rendered":"https:\/\/zonaroja.com.mx\/?p=88992"},"modified":"2026-01-12T10:55:33","modified_gmt":"2026-01-12T16:55:33","slug":"opinion-la-preocupante-intolerancia-de-gobiernos-de-morena-hacia-periodisticas","status":"publish","type":"post","link":"https:\/\/zonaroja.com.mx\/?p=88992","title":{"rendered":"Opini\u00f3n. La preocupante intolerancia de gobiernos de Morena hacia period\u00edsticas"},"content":{"rendered":"\n<p>Ismael Garc\u00eda M.\/Zona Roja.<\/p>\n\n\n\n<p>Oaxaca, Oax., a 12 de enero de 2026.- El reciente crimen del periodista Carlos Castro en Veracruz, as\u00ed como casos judiciales en esa misma entidad, adem\u00e1s de Campeche y Puebla, ponen de nuevo en entredicho a los gobiernos de Morena por su severa intolerancia a la cr\u00edtica period\u00edstica.<\/p>\n\n\n\n<p>Ya en este espacio, semanas atr\u00e1s detallamos la forma en que han ocurrido una serie de procesos judiciales en contra de comunicadores.<\/p>\n\n\n\n<p>Tambi\u00e9n precisamos, y reiteramos, que no se trata de impunidad por el solo hecho de portar un gafete o credencial de prensa; si alguien cometi\u00f3 un delito, as\u00ed sea pol\u00edtico, periodista, religioso o quien sea, que se le juzgue, con argumentos suficientes.<\/p>\n\n\n\n<p>Pero s\u00ed resulta preocupante que en los siete a\u00f1os que lleva Morena en el poder, con el llamado movimiento de la Cuarta Transformaci\u00f3n que promueve L\u00f3pez Obrador, sea cada vez m\u00e1s creciente las agresiones y las acusaciones en contra de comunicadores, muchas veces s\u00f3lo por emitir opiniones cr\u00edticas.<\/p>\n\n\n\n<p>En septiembre pasado, la organizaci\u00f3n civil Art\u00edculo 19, dio a conocer que el acoso judicial contra periodistas en M\u00e9xico hab\u00eda aumentado un 143% en comparaci\u00f3n con 2024, tan solo en los primeros siete meses de 2025.<\/p>\n\n\n\n<p>De 51 casos, 11 corresponden a mujeres, algunas de ellas censuradas mediante el uso indebido de figuras como la Violencia Pol\u00edtica contra las Mujeres en Raz\u00f3n de G\u00e9nero.<\/p>\n\n\n\n<p>RECIENTES CASOS<\/p>\n\n\n\n<p>El pasado 8 de enero fue ultimado Carlos Castro, reportero policiaco, en Poza Rica, sin que hasta el momento haya detalles del o de los agresores, mucho menos detenciones.<\/p>\n\n\n\n<p>Pero adem\u00e1s, en el gobierno de la morenista Roc\u00edo Nahle, el 26 de diciembre, la Fiscal\u00eda General del Estado (FGE) de Veracruz dio a conocer que formul\u00f3 una imputaci\u00f3n en contra de Rafael Le\u00f3n Segovia, reportero de la fuente policial detenido el 24 de diciembre bajo los cargos de \u201cterrorismo, encubrimiento por favorecimiento y contra las instituciones de seguridad p\u00fablica\u201d.<\/p>\n\n\n\n<p>Tras su arresto en el puerto de Coatzacoalcos, Le\u00f3n Segovia recibi\u00f3 la medida de prisi\u00f3n preventiva oficiosa.<\/p>\n\n\n\n<p>Tambi\u00e9n en diciembre y en Boca del R\u00edo, polic\u00edas estatales agredieron al periodista V\u00edctor Y\u00e1\u00f1ez, por grabar la detenci\u00f3n de un motociclista.<\/p>\n\n\n\n<p>En Campeche, apenas el pasado jueves se dio la agente del Ministerio P\u00fablico de la Fiscal\u00eda General del Estado, Jennie Clarivel Mendieta pidi\u00f3 a la jueza Guadalupe Mart\u00ednez Taboada, pena de dos a\u00f1os de prisi\u00f3n y multa contra el ex director de \u201cTribuna\u201d, Jorge Gonz\u00e1lez Valdez y el representante de la empresa Organizaci\u00f3n Editorial del Sureste, Isidro Yerbes Cruz, por los presuntos da\u00f1os causados a la gobernadora morenista Layda Elena Sansores San Rom\u00e1n por el delito de incitaci\u00f3n al odio.<\/p>\n\n\n\n<p>Aunado a ello, el periodista Gonz\u00e1lez Valdez record\u00f3 que est\u00e1n pendientes de resoluci\u00f3n dos amparos, uno de no vinculaci\u00f3n a proceso y el otro que ataca las medidas cautelares, por lo que la determinaci\u00f3n de la jueza quedar\u00eda sin efecto.<\/p>\n\n\n\n<p>Lo mismo ocurre con la postura de la juzgadora, que amenaza con la aplicaci\u00f3n de multas y arresto en el supuesto de que Gonz\u00e1lez y Yerbes no comparezcan a la conclusi\u00f3n de la sesi\u00f3n de la etapa intermedia (\u201cLa Jornada\u201d).<\/p>\n\n\n\n<p>En otro caso, la semana pasada, la jueza Amada Beatriz Salazar Gonz\u00e1lez fall\u00f3 a favor de la titular de la Secretar\u00eda de Protecci\u00f3n y Seguridad Ciudadana del estado de Campeche, Marcela Mu\u00f1oz Mart\u00ednez, por presunto da\u00f1o moral en su contra y orden\u00f3 a dos periodistas y a dos diarios que la indemnicen con dos millones de pesos.<\/p>\n\n\n\n<p>Los comunicadores y los medios de informaci\u00f3n acusados de afectar \u201cla reputaci\u00f3n y el honor\u201d de la jefa de la polic\u00eda estatal son Joel Obet Ynurreta Priego y \u201cLa Neta\u201d de Campeche, los peri\u00f3dicos \u201cPor Esto\u201d y \u201cPor Esto Online\u201d y el periodista Abraham Alberto Mart\u00ednez Caamal, editor de la p\u00e1gina digital \u201cReportero del Crimen\u201d. Cada uno deber\u00e1 pagar 500 mil pesos.<\/p>\n\n\n\n<p>El pasado 4 de enero, Antonio Castro, ex polic\u00eda de tr\u00e1nsito del municipio de Uruapan, Michoac\u00e1n, y administrador del perfil de Facebook \u201cPatrullando tu colonia\u201d, fue gravemente herido en un ataque a balazos perpetrado por al menos dos sicarios, en una colonia del norte uruapense.<\/p>\n\n\n\n<p>El 9 de enero fue detenido el director del peri\u00f3dico \u201cVanguardia\u201d de Saltillo, Coahuila, Armando Castillo Galindo, supuestamente por un fraude e incumplimiento a una cita judicial.<\/p>\n\n\n\n<p>En septiembre pasado, la presidenta municipal de Guanajuato, Samantha Smith Guti\u00e9rrez, interpuso una queja en contra del periodista Arnoldo Cu\u00e9llar Salda\u00f1a interpuso, por supuestamente difamarla y cometer violencia pol\u00edtica por raz\u00f3n de g\u00e9nero.<\/p>\n\n\n\n<p>Tambi\u00e9n en abril del a\u00f1o pasado, reporteros clausuraron simb\u00f3licamente al Instituto Estatal Electoral de esa entidad por coartar la libertad de expresi\u00f3n por emitir medidas cautelares para que medios bajen notas o incluir a periodistas en procedimientos sancionadores por denuncias de violencia pol\u00edtica.<\/p>\n\n\n\n<p>En ese entonces emiti\u00f3 dos medidas cautelares donde orden\u00f3 bajar notas a \u201cEl Sol de Le\u00f3n\u201d, al peri\u00f3dico \u201cAM\u201d, a \u201cNuestras Noticias Baj\u00edo\u201d; al comunicador, Alejandro Ram\u00edrez Ramblas, a Kuali, a \u201cC\u00f3digos\u201d, a \u201cP\u00e1gina Central\u201d, a \u201cQuadrat\u00edn\u201d y a \u201cZona Franca\u201d.<\/p>\n\n\n\n<p>En Puebla, por citar un caso, el gobernador morenista Alejandro Armenta ha sostenido un largo pleito con algunos medios de comunicaci\u00f3n y periodistas, entre ellos de e-consulta, Rodolfo Ruiz.<\/p>\n\n\n\n<p>Y la lista de agravios es larga; est\u00e1 por ejemplo la pol\u00e9mica presidenta municipal de Acapulco, Guerrero, Abelina L\u00f3pez, que denunci\u00f3 al responsable del portal \u201cAcapulco Trends\u201d, Jes\u00fas Casta\u00f1eda, por criticarla, al argumentar violencia pol\u00edtica por raz\u00f3n de g\u00e9nero.<\/p>\n\n\n\n<p>El caso es que un Tribunal Electoral determin\u00f3 que el comunicador debe disculparse p\u00fablicamente por 15 d\u00edas.<\/p>\n\n\n\n<p>CASO OAXACA<\/p>\n\n\n\n<p>Si bien en la entidad oaxaque\u00f1a no ha habido casos relevantes ni frecuentes, por lo menos hay algunos hechos, que pueden tener esos visos de intolerancia judicial.<\/p>\n\n\n\n<p>En noviembre pasado, el columnista Alejandro Leyva, ex vocero del PRI y ex director de la Corporaci\u00f3n de Radio y Televisi\u00f3n, fue citado a comparecer ante la autoridad por una supuesta irregularidad administrativa a su paso como funcionario\u2026 hace cinco a\u00f1os.<\/p>\n\n\n\n<p>Supuestamente la Auditor\u00eda de Fiscalizaci\u00f3n de Oaxaca hall\u00f3 \u201cfaltas graves\u201d en su gesti\u00f3n; hasta ahora el caso no ha pasado a m\u00e1s. &nbsp;<\/p>\n\n\n\n<p>Apenas el pasado 7 de enero, el periodista \u00c1lvaro Cuitl\u00e1huaca L\u00f3pez y su familia denunciaron ser v\u00edctimas de una campa\u00f1a de linchamiento y criminalizaci\u00f3n, al culparlos de diversos delitos.<\/p>\n\n\n\n<p>Salieron a dar una conferencia para criticar dichas denostaciones, todo porque exigen justicia sobre un allanamiento de domicilio y golpes en contra del comunicador, ocurridos hace 10 meses en la ciudad de Oaxaca.<\/p>\n\n\n\n<p>A mediados del a\u00f1o pasado, la Vicefiscal\u00eda Regional de la Mixteca, con sede en Huajuapan de Le\u00f3n, cit\u00f3 judicialmente al periodista Alejandro L\u00f3pez L\u00f3pez, del portal \u201cNuevo Siglo Noticias\u201d y le orden\u00f3 no publicar ninguna noticia relacionada con la responsable del Registro Civil en Asunci\u00f3n Nochixtl\u00e1n, a quien critic\u00f3 en sus publicaciones por omisiones diversas.<\/p>\n\n\n\n<p>Le prohibi\u00f3 realizar \u201ccualquier acto de molestia\u201d a la funcionaria estatal, identificada con las iniciales R. M. J. L., quien lo hab\u00eda denunciado\u2026 por violencia de g\u00e9nero; despu\u00e9s de diversas gestiones, fue desechada la demanda.<\/p>\n\n\n\n<p>\u00bfQU\u00c9 HACER?<\/p>\n\n\n\n<p>Seg\u00fan Art\u00edculo 19, organizaci\u00f3n que se especializa en la defensa de periodistas, el acoso judicial contra comunicadores de M\u00e9xico creci\u00f3 un 143 por ciento el a\u00f1o pasado.<\/p>\n\n\n\n<p>\u201cDe todos los procesos documentados, 25 acusaron a la prensa de Violencia Pol\u00edtica por Raz\u00f3n de G\u00e9nero, lo que significa que pr\u00e1cticamente uno de cada dos casos de acoso judicial se inici\u00f3 haciendo uso indebido de esta normativa\u201d. <\/p>\n\n\n\n<p>Entre las v\u00edctimas, cinco mujeres periodistas sufrieron acoso judicial por esta misma figura legal, evidenciando c\u00f3mo el propio instrumento se ha utilizado para silenciar a periodistas mujeres.<\/p>\n\n\n\n<p>Art\u00edculo 19 se\u00f1ala que el acoso judicial contra periodistas comenz\u00f3 a ser tendencia desde 2016, pero fue a partir de 2018, durante el mandato de Andr\u00e9s Manuel L\u00f3pez Obrador, cuando los casos comenzaron a repuntar, pasando de 13 a 21. <\/p>\n\n\n\n<p>No obstante, para 2025 se ha observado un incremento desmedido de demandas, denuncias y procedimientos administrativos como forma de presionar y violentar a la prensa (informaci\u00f3n de Aristegui Noticias).<\/p>\n\n\n\n<p>La semana pasada, la Federaci\u00f3n Internacional de Periodistas (FIP) cifr\u00f3 en 128 los profesionales de la informaci\u00f3n muertos a lo largo de 2025 en todo el mundo, de los cuales 56 corresponden a fallecidos en Palestina en el marco de la ofensiva militar israel\u00ed contra la franja de Gaza.<\/p>\n\n\n\n<p>Otros organismos civiles han detallado que despu\u00e9s de Gaza, M\u00e9xico es uno de los pa\u00edses donde m\u00e1s se violenta a la prensa.<\/p>\n\n\n\n<p>Insistiremos mil veces: si alguien, comunicador, periodista, columnista, est\u00e1 acusado de un delito fehaciente, que se proceda. El periodismo no es impunidad, para nada.<\/p>\n\n\n\n<p>Pero hay que precisar debidamente de que se trata, porque por lo menos en el caso de Violencia Pol\u00edtica por Raz\u00f3n de G\u00e9nero, es un absurdo judicializar un caso; las funcionarias y pol\u00edticas no est\u00e1n ni deben estar exentas de las cr\u00edticas, fundadas por supuesto.<\/p>\n\n\n\n<p>No basta alardear, por lo menos tres veces al a\u00f1o, que la autoridad, municipal, estatal o federal, que se respeta la libertad de expresi\u00f3n. Debe ir acompa\u00f1ada de acciones reales, no de dientes para afuera.<\/p>\n","protected":false},"excerpt":{"rendered":"<p>Ismael Garc\u00eda M.\/Zona Roja. Oaxaca, Oax., a 12 de enero de 2026.- El reciente crimen&hellip;<\/p>\n","protected":false},"author":2,"featured_media":67764,"comment_status":"closed","ping_status":"open","sticky":false,"template":"","format":"standard","meta":{"_lmt_disableupdate":"","_lmt_disable":"","_jetpack_memberships_contains_paid_content":false,"footnotes":""},"categories":[456,109,48],"tags":[1353],"class_list":["post-88992","post","type-post","status-publish","format-standard","has-post-thumbnail","hentry","category-columna","category-minuto-a-minuto","category-zona-critica","tag-opinion-zona-critica"],"jetpack_featured_media_url":"https:\/\/zonaroja.com.mx\/wp-content\/uploads\/2024\/04\/Opinion-Zona-Roja-Ismael-Garcia.jpg","jetpack_sharing_enabled":true,"_links":{"self":[{"href":"https:\/\/zonaroja.com.mx\/index.php?rest_route=\/wp\/v2\/posts\/88992","targetHints":{"allow":["GET"]}}],"collection":[{"href":"https:\/\/zonaroja.com.mx\/index.php?rest_route=\/wp\/v2\/posts"}],"about":[{"href":"https:\/\/zonaroja.com.mx\/index.php?rest_route=\/wp\/v2\/types\/post"}],"author":[{"embeddable":true,"href":"https:\/\/zonaroja.com.mx\/index.php?rest_route=\/wp\/v2\/users\/2"}],"replies":[{"embeddable":true,"href":"https:\/\/zonaroja.com.mx\/index.php?rest_route=%2Fwp%2Fv2%2Fcomments&post=88992"}],"version-history":[{"count":2,"href":"https:\/\/zonaroja.com.mx\/index.php?rest_route=\/wp\/v2\/posts\/88992\/revisions"}],"predecessor-version":[{"id":88999,"href":"https:\/\/zonaroja.com.mx\/index.php?rest_route=\/wp\/v2\/posts\/88992\/revisions\/88999"}],"wp:featuredmedia":[{"embeddable":true,"href":"https:\/\/zonaroja.com.mx\/index.php?rest_route=\/wp\/v2\/media\/67764"}],"wp:attachment":[{"href":"https:\/\/zonaroja.com.mx\/index.php?rest_route=%2Fwp%2Fv2%2Fmedia&parent=88992"}],"wp:term":[{"taxonomy":"category","embeddable":true,"href":"https:\/\/zonaroja.com.mx\/index.php?rest_route=%2Fwp%2Fv2%2Fcategories&post=88992"},{"taxonomy":"post_tag","embeddable":true,"href":"https:\/\/zonaroja.com.mx\/index.php?rest_route=%2Fwp%2Fv2%2Ftags&post=88992"}],"curies":[{"name":"wp","href":"https:\/\/api.w.org\/{rel}","templated":true}]}}