{"id":88996,"date":"2026-01-12T11:06:00","date_gmt":"2026-01-12T17:06:00","guid":{"rendered":"https:\/\/zonaroja.com.mx\/?p=88996"},"modified":"2026-01-12T09:10:19","modified_gmt":"2026-01-12T15:10:19","slug":"detiene-fiscalia-a-un-profesor-por-agredir-sexualmente-a-una-menor","status":"publish","type":"post","link":"https:\/\/zonaroja.com.mx\/?p=88996","title":{"rendered":"Detiene Fiscal\u00eda a un profesor por agredir sexualmente a una menor"},"content":{"rendered":"\n<p>Redacci\u00f3n\/Zona Roja.<\/p>\n\n\n\n<p>Oaxaca, Oax., a 12 de enero de 2026.- Como resultado de investigaciones integrales realizadas con perspectiva de infancia, la Fiscal\u00eda General del Estado de Oaxaca (FGEO) ejecut\u00f3 una orden de aprehensi\u00f3n en contra de U.H.A., quien se desempe\u00f1aba como maestro, por su probable responsabilidad en el delito de pederastia agravada, por hechos ocurridos en la regi\u00f3n de la Cuenca.<\/p>\n\n\n\n<p>De acuerdo con la carpeta de investigaci\u00f3n, los hechos ocurrieron el 13 de mayo de 2025, cuando la v\u00edctima \u2014una menor de edad, cuyos datos se encuentran reservados por ley\u2014 fue citada para acudir a la escuela biling\u00fce de su comunidad una agencia perteneciente al municipio de San Jos\u00e9 Chiltepec, donde fue agredida sexualmente mediante tocamientos indebidos.<\/p>\n\n\n\n<p>Tras la denuncia, la FGEO, a trav\u00e9s de la Vicefiscal\u00eda Regional de la Cuenca, inici\u00f3 de inmediato las indagatorias correspondientes, logrando recabar datos de prueba suficientes que fueron presentados ante un Juez de Control, quien concedi\u00f3 la orden de aprehensi\u00f3n.<\/p>\n\n\n\n<p>Posteriormente, gracias a un operativo de b\u00fasqueda y localizaci\u00f3n, agentes estatales de Investigaci\u00f3n ejecutaron la orden de aprehensi\u00f3n.<\/p>\n\n\n\n<p>Luego de su detenci\u00f3n, U.H.A. fue puesto a disposici\u00f3n de la autoridad competente para que se determine su situaci\u00f3n jur\u00eddica conforme a derecho.<\/p>\n\n\n\n<p>La Fiscal\u00eda de Oaxaca reitera su compromiso con la atenci\u00f3n prioritaria de los delitos cometidos contra ni\u00f1as, ni\u00f1os y adolescentes, mediante investigaciones integrales y especializadas con enfoque de infancia y adolescencia, para garantizar una procuraci\u00f3n de justicia eficaz.<\/p>\n","protected":false},"excerpt":{"rendered":"<p>Redacci\u00f3n\/Zona Roja. Oaxaca, Oax., a 12 de enero de 2026.- Como resultado de investigaciones integrales&hellip;<\/p>\n","protected":false},"author":2,"featured_media":88997,"comment_status":"closed","ping_status":"open","sticky":false,"template":"","format":"standard","meta":{"_lmt_disableupdate":"","_lmt_disable":"","_jetpack_memberships_contains_paid_content":false,"footnotes":""},"categories":[109,46],"tags":[494],"class_list":["post-88996","post","type-post","status-publish","format-standard","has-post-thumbnail","hentry","category-minuto-a-minuto","category-zona-blanca","tag-fiscalia-general-del-estado-de-oaxaca"],"jetpack_featured_media_url":"https:\/\/zonaroja.com.mx\/wp-content\/uploads\/2026\/01\/Detenido-maestro-pederasta-Cuenca.jpg","jetpack_sharing_enabled":true,"_links":{"self":[{"href":"https:\/\/zonaroja.com.mx\/index.php?rest_route=\/wp\/v2\/posts\/88996","targetHints":{"allow":["GET"]}}],"collection":[{"href":"https:\/\/zonaroja.com.mx\/index.php?rest_route=\/wp\/v2\/posts"}],"about":[{"href":"https:\/\/zonaroja.com.mx\/index.php?rest_route=\/wp\/v2\/types\/post"}],"author":[{"embeddable":true,"href":"https:\/\/zonaroja.com.mx\/index.php?rest_route=\/wp\/v2\/users\/2"}],"replies":[{"embeddable":true,"href":"https:\/\/zonaroja.com.mx\/index.php?rest_route=%2Fwp%2Fv2%2Fcomments&post=88996"}],"version-history":[{"count":1,"href":"https:\/\/zonaroja.com.mx\/index.php?rest_route=\/wp\/v2\/posts\/88996\/revisions"}],"predecessor-version":[{"id":88998,"href":"https:\/\/zonaroja.com.mx\/index.php?rest_route=\/wp\/v2\/posts\/88996\/revisions\/88998"}],"wp:featuredmedia":[{"embeddable":true,"href":"https:\/\/zonaroja.com.mx\/index.php?rest_route=\/wp\/v2\/media\/88997"}],"wp:attachment":[{"href":"https:\/\/zonaroja.com.mx\/index.php?rest_route=%2Fwp%2Fv2%2Fmedia&parent=88996"}],"wp:term":[{"taxonomy":"category","embeddable":true,"href":"https:\/\/zonaroja.com.mx\/index.php?rest_route=%2Fwp%2Fv2%2Fcategories&post=88996"},{"taxonomy":"post_tag","embeddable":true,"href":"https:\/\/zonaroja.com.mx\/index.php?rest_route=%2Fwp%2Fv2%2Ftags&post=88996"}],"curies":[{"name":"wp","href":"https:\/\/api.w.org\/{rel}","templated":true}]}}