{"id":89000,"date":"2026-01-12T14:41:38","date_gmt":"2026-01-12T20:41:38","guid":{"rendered":"https:\/\/zonaroja.com.mx\/?p=89000"},"modified":"2026-01-12T14:49:57","modified_gmt":"2026-01-12T20:49:57","slug":"este-es-un-mecanismo-ciudadano-y-la-ciudadania-se-debe-apropiar-de-ello","status":"publish","type":"post","link":"https:\/\/zonaroja.com.mx\/?p=89000","title":{"rendered":"\u201cEste es un mecanismo ciudadano y la ciudadan\u00eda se debe apropiar de ello\u201d"},"content":{"rendered":"\n<p>Lisbeth Mej\u00eda Reyes\/Zona Roja.<\/p>\n\n\n\n<p>Oaxaca, Oax., a 12 de enero de 2026.- El proceso para la revocaci\u00f3n de mandato del Ejecutivo estatal de Oaxaca costar\u00e1 a la ciudadan\u00eda 114 millones de pesos (un presupuesto inicial de 99 millones y una ampliaci\u00f3n de 25 millones), se\u00f1al\u00f3 Elizabeth S\u00e1nchez Gonz\u00e1lez, consejera presidenta del Instituto Estatal Electoral y de Participaci\u00f3n Ciudadana de Oaxaca, IEEPCO.<\/p>\n\n\n\n<p>Este recurso se ha empleado para compromisos como la compra del material electoral, la instalaci\u00f3n de consejos distritales, renta de inmuebles, la difusi\u00f3n del proceso, seguridad, capacitaci\u00f3n y supervisi\u00f3n, entre otros.<\/p>\n\n\n\n<p>En representaci\u00f3n del instituto encargado de organizar el proceso, S\u00e1nchez Gonz\u00e1lez llam\u00f3 a la ciudadan\u00eda a participar en la consulta el pr\u00f3ximo 25 de enero y as\u00ed ejercer su derecho para evaluar a su gobierno.<\/p>\n\n\n\n<p>\u00abEste es un mecanismo ciudadano y la ciudadan\u00eda se debe apropiarse de ello porque es su derecho ejercer esta evaluaci\u00f3n a sus gobiernos\u00bb, explic\u00f3 la consejera este domingo, al concluir el primer Foro de Discusi\u00f3n sobre la Revocaci\u00f3n de Mandato, en el que se presentaron argumentos a favor y en contra de la revocaci\u00f3n del gobernador Salom\u00f3n Jara Cruz.<\/p>\n\n\n\n<p>Adem\u00e1s del costo econ\u00f3mico, S\u00e1nchez Gonz\u00e1lez habl\u00f3 sobre los retos para organizar el proceso, debido principalmente al poco tiempo. Aun as\u00ed, dijo que se ha cumplido con todas las etapas en tiempo y forma.&nbsp;<\/p>\n\n\n\n<p>Incluso, que desde el s\u00e1bado \u00abse empez\u00f3 a repartir el material electoral\u00bb y solamente que Talleres Gr\u00e1ficos de M\u00e9xico entregue la documentaci\u00f3n para distribuirla a los consejos distritales y de estos a las dos mil 821 presidencias de las mesas directivas de igual n\u00famero de casillas.<\/p>\n\n\n\n<p>\u00abHa sido un trabajo marat\u00f3nico, en menos de un mes hemos tenido que organizar este proceso de revocaci\u00f3n, que va desde la construcci\u00f3n de los lineamientos&#8230; La integraci\u00f3n, instalaci\u00f3n y ubicaci\u00f3n de casillas.&nbsp;<\/p>\n\n\n\n<p>\u201cEs un reto porque el instituto estatal no hace esta funci\u00f3n regular sino el Instituto Estatal Electoral (INE) y hemos tenido una gran coordinaci\u00f3n con el instituto nacional electoral\u00bb, apunt\u00f3 S\u00e1nchez Gonz\u00e1lez, quien tambi\u00e9n destac\u00f3 la labor de todo el personal y la difusi\u00f3n para que la ciudadan\u00eda participe.<\/p>\n\n\n\n<p>TURNAN QUEJA<\/p>\n\n\n\n<p>Respecto a la propaganda que se ha difundido a favor de la continuidad del Ejecutivo estatal, la consejera se\u00f1al\u00f3 que hasta ahora solamente se ha turnado como queja a la Unidad de Quejas del instituto para que se aplique la ley.<\/p>\n\n\n\n<p>En los \u00faltimos a\u00f1os, en diversas partes de la capital han aparecido anuncios espectaculares en los que se invita a votar porque siga la llamada Primavera Oaxaque\u00f1a, lo cual ha generado cr\u00edticas sobre si est\u00e1 permitido o no.<\/p>\n\n\n\n<p>FORO DE FORMACI\u00d3N <\/p>\n\n\n\n<p>Tras el primer Foro de Discusi\u00f3n sobre la Revocaci\u00f3n de Mandato, la consejera presidenta aclar\u00f3 que no es un debate, por lo que no se puede hablar de una persona ganadora del mismo.<\/p>\n\n\n\n<p>Es, dijo, \u00abun foro para que la ciudadan\u00eda se forme una opini\u00f3n y el 25 e enero pueda emitir su opini\u00f3n en las &nbsp;2821 casillas que se estar\u00e1n instalando\u00bb en el estado.<\/p>\n\n\n\n<p>El foro es un ejercicio basado la Ley de Revocaci\u00f3n de Mandato. En este primer foro participaron como panelistas a favor de la Revocaci\u00f3n de Mandato (es decir, que el gobernador concluye anticipadamente su cargo por la p\u00e9rdida de confianza) Pablo Antonio Jos\u00e9 y Guadalupe Mart\u00ednez P\u00e9rez. <\/p>\n\n\n\n<p>En tanto, las posturas en contra de que se revoque el mandato al gobernador fueron representadas por Carlos Javier Sorroza Polo y Valeria Garc\u00eda L\u00f3pez.<\/p>\n\n\n\n<p>El segundo foro se realizar\u00e1 el domingo 18 de enero, a las 18:00 horas.<\/p>\n","protected":false},"excerpt":{"rendered":"<p>Lisbeth Mej\u00eda Reyes\/Zona Roja. Oaxaca, Oax., a 12 de enero de 2026.- El proceso para&hellip;<\/p>\n","protected":false},"author":2,"featured_media":88985,"comment_status":"closed","ping_status":"open","sticky":false,"template":"","format":"standard","meta":{"_lmt_disableupdate":"","_lmt_disable":"","_jetpack_memberships_contains_paid_content":false,"footnotes":""},"categories":[109,46],"tags":[2924,2932],"class_list":["post-89000","post","type-post","status-publish","format-standard","has-post-thumbnail","hentry","category-minuto-a-minuto","category-zona-blanca","tag-elizabeth-sanchez-gonzalez","tag-instituto-estatal-electoral-y-de-participacion-ciudadana-de-oaxaca-ieepco"],"jetpack_featured_media_url":"https:\/\/zonaroja.com.mx\/wp-content\/uploads\/2026\/01\/Elizabeth-Sanchez-Gonzalez.jpg","jetpack_sharing_enabled":true,"_links":{"self":[{"href":"https:\/\/zonaroja.com.mx\/index.php?rest_route=\/wp\/v2\/posts\/89000","targetHints":{"allow":["GET"]}}],"collection":[{"href":"https:\/\/zonaroja.com.mx\/index.php?rest_route=\/wp\/v2\/posts"}],"about":[{"href":"https:\/\/zonaroja.com.mx\/index.php?rest_route=\/wp\/v2\/types\/post"}],"author":[{"embeddable":true,"href":"https:\/\/zonaroja.com.mx\/index.php?rest_route=\/wp\/v2\/users\/2"}],"replies":[{"embeddable":true,"href":"https:\/\/zonaroja.com.mx\/index.php?rest_route=%2Fwp%2Fv2%2Fcomments&post=89000"}],"version-history":[{"count":2,"href":"https:\/\/zonaroja.com.mx\/index.php?rest_route=\/wp\/v2\/posts\/89000\/revisions"}],"predecessor-version":[{"id":89002,"href":"https:\/\/zonaroja.com.mx\/index.php?rest_route=\/wp\/v2\/posts\/89000\/revisions\/89002"}],"wp:featuredmedia":[{"embeddable":true,"href":"https:\/\/zonaroja.com.mx\/index.php?rest_route=\/wp\/v2\/media\/88985"}],"wp:attachment":[{"href":"https:\/\/zonaroja.com.mx\/index.php?rest_route=%2Fwp%2Fv2%2Fmedia&parent=89000"}],"wp:term":[{"taxonomy":"category","embeddable":true,"href":"https:\/\/zonaroja.com.mx\/index.php?rest_route=%2Fwp%2Fv2%2Fcategories&post=89000"},{"taxonomy":"post_tag","embeddable":true,"href":"https:\/\/zonaroja.com.mx\/index.php?rest_route=%2Fwp%2Fv2%2Ftags&post=89000"}],"curies":[{"name":"wp","href":"https:\/\/api.w.org\/{rel}","templated":true}]}}