{"id":89003,"date":"2026-01-12T18:10:50","date_gmt":"2026-01-13T00:10:50","guid":{"rendered":"https:\/\/zonaroja.com.mx\/?p=89003"},"modified":"2026-01-12T18:10:53","modified_gmt":"2026-01-13T00:10:53","slug":"fiscalia-abre-investigacion-por-agresion-a-estudiante-del-cbtis-de-salina-cruz","status":"publish","type":"post","link":"https:\/\/zonaroja.com.mx\/?p=89003","title":{"rendered":"Fiscal\u00eda abre investigaci\u00f3n por agresi\u00f3n a estudiante del CBTIS de Salina Cruz\u00a0"},"content":{"rendered":"\n<p>Lisbeth Mej\u00eda Reyes\/Zona Roja.<\/p>\n\n\n\n<p>Oaxaca, Oax., a 12 de enero de 2026.- El gobierno de Oaxaca inform\u00f3 este lunes que ya hay una denuncia penal e investigaci\u00f3n por la agresi\u00f3n f\u00edsica en contra de un estudiante de talla baja del Centro de Bachillerato Tecnol\u00f3gico Industrial y de Servicios (CBTIS) plantel 25 de Salina Cruz.<\/p>\n\n\n\n<p>Flor Estela Morales Hern\u00e1ndez, titular de la Coordinaci\u00f3n para la Atenci\u00f3n de los Derechos Humanos del estado de Oaxaca (CADH), se\u00f1al\u00f3 que la agresi\u00f3n presuntamente perpetrada por otros compa\u00f1eros (probable tambi\u00e9n menores de edad) ocurri\u00f3 entre los meses de octubre y noviembre del 2025, de acuerdo con el v\u00eddeo del hecho y los datos proporcionados por la familia y el menor de edad.<\/p>\n\n\n\n<p>La v\u00edctima es un adolescente con las iniciales J. A. T. P., quien padece una discapacidad, explic\u00f3 Morales. Por el caso, la coordinaci\u00f3n y el Consejo para los Derechos Humanos de las Personas con Discapacidad del Estado de Oaxaca solicitaron a la Fiscal\u00eda General del Estado de Oaxaca (FGEO) iniciar una carpeta de investigaci\u00f3n.&nbsp;<\/p>\n\n\n\n<p>Tambi\u00e9n detall\u00f3 que se ha acompa\u00f1ado a la familia y el menor para que hagan la denuncia penal correspondiente y para que se les dicten las medidas de protecci\u00f3n a su favor.<\/p>\n\n\n\n<p>De confirmarse que los presuntos agresores tambi\u00e9n son adolescentes, Morales aclar\u00f3 que se aplicar\u00e1 el Sistema de Justicia Integral Penal para Adolescentes.<\/p>\n\n\n\n<p>\u00abLa v\u00edctima tiene derecho a la justicia y a la reparaci\u00f3n del da\u00f1o. No se trata tampoco de satanizar a los estudiantes que le habr\u00edan golpeado sino de hacer \u00e9nfasis en que la familia y, sobre todo el adolescente, tiene acceso a la justicia\u00bb, se\u00f1al\u00f3 durante la conferencia del gobernador Salom\u00f3n Jara Cruz en el Palacio de Gobierno<\/p>\n\n\n\n<p>LAS M\u00c1S DISCRIMINADAS<\/p>\n\n\n\n<p>Morales Hern\u00e1ndez expuso que la agresi\u00f3n en contra de J. A. P. T. no es el \u00fanico caso, pues en 2025 la coordinaci\u00f3n acompa\u00f1\u00f3 a otro menor de edad de talla y su familia paila denuncia correspondiente por un caso similar.<\/p>\n\n\n\n<p>Entre las personas con discapacidad, la titular detall\u00f3 que son las personas de talla baja las m\u00e1s discriminadas y a quienes se les agrede con apodos, burlas y otras actitudes.&nbsp;<\/p>\n\n\n\n<p>Aunque muchas de las barreras a las que se enfrentan las personas con discapacidad son de tipo f\u00edsico, porque los espacios est\u00e1n construidos para ellas, Morales destac\u00f3 que las principales barreras son las actitudes de las personas. Es decir, la discriminaci\u00f3n.<\/p>\n\n\n\n<p>En la conferencia, la titular tambi\u00e9n llam\u00f3 a los medios de comunicaci\u00f3n a no seguir difundiendo el video ni las im\u00e1genes de la agresi\u00f3n, debido a que se est\u00e1 revictimizando al adolescente.<\/p>\n\n\n\n<p>Antes del caso del estudiante de talla baja en el CBTIS de Salina Cruz, en Oaxaca tambi\u00e9n se report\u00f3 en enero de 2024 la muerte de un estudiante de secundaria de 15 a\u00f1os, A.F.C. J., presuntamente a causa las agresiones por parte de alumnos de la secundaria del municipio de San Sim\u00f3n Zahuatl\u00e1n, en la regi\u00f3n Mixteca.<\/p>\n\n\n\n<p>Con base en sus propias estad\u00edsticas y estudios, la Defensor\u00eda de los Derechos Humanos del Pueblo de Oaxaca se\u00f1al\u00f3 que en el 2024 el estado de Oaxaca ocupaba el cuarto lugar nacional por bullying escolar. Adem\u00e1s de que en ese a\u00f1o se reportaron 34 casos de bullying escolar y hasta mayo de 2025 ya se hab\u00edan abierto 5 expedientes, seg\u00fan dijo en ese entonces la secretaria ejecutiva de la Defensor\u00eda, Amanda Calipso Mej\u00eda.<\/p>\n","protected":false},"excerpt":{"rendered":"<p>Lisbeth Mej\u00eda Reyes\/Zona Roja. Oaxaca, Oax., a 12 de enero de 2026.- El gobierno de&hellip;<\/p>\n","protected":false},"author":2,"featured_media":88924,"comment_status":"closed","ping_status":"open","sticky":false,"template":"","format":"standard","meta":{"_lmt_disableupdate":"","_lmt_disable":"","_jetpack_memberships_contains_paid_content":false,"footnotes":""},"categories":[109,47],"tags":[4624],"class_list":["post-89003","post","type-post","status-publish","format-standard","has-post-thumbnail","hentry","category-minuto-a-minuto","category-zona-gris","tag-cbtis-25-salina-cruz"],"jetpack_featured_media_url":"https:\/\/zonaroja.com.mx\/wp-content\/uploads\/2026\/01\/CBTIs-25-Salina-CRuz.jpg","jetpack_sharing_enabled":true,"_links":{"self":[{"href":"https:\/\/zonaroja.com.mx\/index.php?rest_route=\/wp\/v2\/posts\/89003","targetHints":{"allow":["GET"]}}],"collection":[{"href":"https:\/\/zonaroja.com.mx\/index.php?rest_route=\/wp\/v2\/posts"}],"about":[{"href":"https:\/\/zonaroja.com.mx\/index.php?rest_route=\/wp\/v2\/types\/post"}],"author":[{"embeddable":true,"href":"https:\/\/zonaroja.com.mx\/index.php?rest_route=\/wp\/v2\/users\/2"}],"replies":[{"embeddable":true,"href":"https:\/\/zonaroja.com.mx\/index.php?rest_route=%2Fwp%2Fv2%2Fcomments&post=89003"}],"version-history":[{"count":1,"href":"https:\/\/zonaroja.com.mx\/index.php?rest_route=\/wp\/v2\/posts\/89003\/revisions"}],"predecessor-version":[{"id":89004,"href":"https:\/\/zonaroja.com.mx\/index.php?rest_route=\/wp\/v2\/posts\/89003\/revisions\/89004"}],"wp:featuredmedia":[{"embeddable":true,"href":"https:\/\/zonaroja.com.mx\/index.php?rest_route=\/wp\/v2\/media\/88924"}],"wp:attachment":[{"href":"https:\/\/zonaroja.com.mx\/index.php?rest_route=%2Fwp%2Fv2%2Fmedia&parent=89003"}],"wp:term":[{"taxonomy":"category","embeddable":true,"href":"https:\/\/zonaroja.com.mx\/index.php?rest_route=%2Fwp%2Fv2%2Fcategories&post=89003"},{"taxonomy":"post_tag","embeddable":true,"href":"https:\/\/zonaroja.com.mx\/index.php?rest_route=%2Fwp%2Fv2%2Ftags&post=89003"}],"curies":[{"name":"wp","href":"https:\/\/api.w.org\/{rel}","templated":true}]}}