{"id":89005,"date":"2026-01-12T19:38:25","date_gmt":"2026-01-13T01:38:25","guid":{"rendered":"https:\/\/zonaroja.com.mx\/?p=89005"},"modified":"2026-01-12T19:38:28","modified_gmt":"2026-01-13T01:38:28","slug":"una-de-cada-5-ninas-en-al-se-casa-antes-de-los-18-anos-onu","status":"publish","type":"post","link":"https:\/\/zonaroja.com.mx\/?p=89005","title":{"rendered":"Una de cada 5 ni\u00f1as en AL se casa antes de los 18 a\u00f1os: ONU"},"content":{"rendered":"\n<p>Redacci\u00f3n\/Zona Roja Cdmx.<\/p>\n\n\n\n<p>(Informaci\u00f3n de \u201cLa Jornada\u201d)<\/p>\n\n\n\n<p>Ciudad de M\u00e9xico, a 12 de enero de 2025.- En Am\u00e9rica Latina y el Caribe, una de cada cinco ni\u00f1as contrajo matrimonio o manten\u00eda una uni\u00f3n temprana antes de cumplir 18 a\u00f1os, estableci\u00f3 el estudio Acercamiento a los matrimonios y uniones infantiles tempranas y\/o forzadas en M\u00e9xico, realizado por el Fondo de Poblaci\u00f3n de Naciones Unidas (Unfpa).<\/p>\n\n\n\n<p>A nivel global, M\u00e9xico se coloca como el d\u00e9cimo pa\u00eds con el mayor n\u00famero absoluto de mujeres adolescentes que se casaron o unieron antes de cumplir la mayor\u00eda de edad, y el segundo en la regi\u00f3n, de acuerdo con cifras del Fondo de Naciones Unidas para la Infancia (Unicef).<\/p>\n\n\n\n<p>Asimismo, se estima que 10.4 millones de mujeres de 15 a\u00f1os y m\u00e1s se casaron o unieron antes de los 18 a\u00f1os, y que de ellas, 4 por ciento lo hicieron antes de cumplir quince.<\/p>\n\n\n\n<p>Para erradicar el matrimonio infantil y las uniones tempranas o forzadas, en M\u00e9xico se han realizado diversos esfuerzos en materia legislativa y pol\u00edtica p\u00fablica: la reforma a la Ley General de los Derechos de Ni\u00f1as, Ni\u00f1os y Adolescentes en 2014, que estableci\u00f3 18 a\u00f1os como edad m\u00ednima para el matrimonio; las reformas en 2019 al C\u00f3digo Civil Federal, que eliminaron las dispensas y excepciones, y la tipificaci\u00f3n en el C\u00f3digo Penal de la cohabitaci\u00f3n forzada de personas menores de 18 a\u00f1os en 2023.<\/p>\n\n\n\n<p>A ello se suma la Estrategia Nacional para la Prevenci\u00f3n del Embarazo Adolescentes; sin embargo, la problem\u00e1tica ahora se ha trasladado a las uniones informales o de hecho, alert\u00f3 Unicef. Puntualiz\u00f3 que lo anterior ocurre especialmente en zonas rurales y en algunas poblaciones ind\u00edgenas.<\/p>\n\n\n\n<p>Esta semana se inform\u00f3 del caso de la ni\u00f1a Deisy, oriunda de San Crist\u00f3bal de las Casas, Chiapas, quien tuvo graves afectaciones por la gestaci\u00f3n y el parto ya que su cuerpo no ten\u00eda el desarrollo anat\u00f3mico requerido para ello. El caso de maternidad infantil gener\u00f3 rechazo entre agrupaciones feministas y defensoras de los derechos de la infancia, que consideraron que la maternidad forzada persiste en M\u00e9xico, y que \u201cla gestaci\u00f3n en la infancia es tortura y es violencia\u201d.<\/p>\n\n\n\n<p>El estudio detall\u00f3 que las uniones tempranas se vinculan a embarazos infantiles y adolescentes, violencia de g\u00e9nero, deserci\u00f3n o no asistencia a la escuela (70 por ciento de las ni\u00f1as en esa condici\u00f3n no asisten al colegio), pobreza, limitaci\u00f3n de oportunidades, migraci\u00f3n y trabajo infantil.<\/p>\n\n\n\n<p>Unicef enfatiz\u00f3 que los estados con mayor n\u00famero de adolescentes en uni\u00f3n temprana son Guerrero, Chiapas, Veracruz, Oaxaca y Puebla; precisa que, aunque hubo una leve disminuci\u00f3n de 3.2 por ciento entre 2014 y 2023, el fen\u00f3meno sigue presente.<\/p>\n\n\n\n<p>Advirti\u00f3 que las ni\u00f1as y adolescentes tienen mayor o menor protecci\u00f3n dependiendo del estado en d\u00f3nde vivan; por ejemplo, Chihuahua, Coahuila, Colima, Guanajuato, Jalisco, Nayarit, Oaxaca, Quer\u00e9taro, Quintana Roo, Sonora, Veracruz y Yucat\u00e1n no han armonizado su Ley Estatal con la Ley General de los Derechos de Ni\u00f1as, Ni\u00f1os y Adolescentes sobre la edad m\u00ednima para contraer matrimonio.<\/p>\n","protected":false},"excerpt":{"rendered":"<p>Redacci\u00f3n\/Zona Roja Cdmx. (Informaci\u00f3n de \u201cLa Jornada\u201d) Ciudad de M\u00e9xico, a 12 de enero de&hellip;<\/p>\n","protected":false},"author":2,"featured_media":81125,"comment_status":"closed","ping_status":"open","sticky":false,"template":"","format":"standard","meta":{"_lmt_disableupdate":"","_lmt_disable":"","_jetpack_memberships_contains_paid_content":false,"footnotes":""},"categories":[109,47],"tags":[4331],"class_list":["post-89005","post","type-post","status-publish","format-standard","has-post-thumbnail","hentry","category-minuto-a-minuto","category-zona-gris","tag-matrimonio-infantil-en-mexico"],"jetpack_featured_media_url":"https:\/\/zonaroja.com.mx\/wp-content\/uploads\/2025\/06\/Matrimonio-infantil.jpg","jetpack_sharing_enabled":true,"_links":{"self":[{"href":"https:\/\/zonaroja.com.mx\/index.php?rest_route=\/wp\/v2\/posts\/89005","targetHints":{"allow":["GET"]}}],"collection":[{"href":"https:\/\/zonaroja.com.mx\/index.php?rest_route=\/wp\/v2\/posts"}],"about":[{"href":"https:\/\/zonaroja.com.mx\/index.php?rest_route=\/wp\/v2\/types\/post"}],"author":[{"embeddable":true,"href":"https:\/\/zonaroja.com.mx\/index.php?rest_route=\/wp\/v2\/users\/2"}],"replies":[{"embeddable":true,"href":"https:\/\/zonaroja.com.mx\/index.php?rest_route=%2Fwp%2Fv2%2Fcomments&post=89005"}],"version-history":[{"count":1,"href":"https:\/\/zonaroja.com.mx\/index.php?rest_route=\/wp\/v2\/posts\/89005\/revisions"}],"predecessor-version":[{"id":89006,"href":"https:\/\/zonaroja.com.mx\/index.php?rest_route=\/wp\/v2\/posts\/89005\/revisions\/89006"}],"wp:featuredmedia":[{"embeddable":true,"href":"https:\/\/zonaroja.com.mx\/index.php?rest_route=\/wp\/v2\/media\/81125"}],"wp:attachment":[{"href":"https:\/\/zonaroja.com.mx\/index.php?rest_route=%2Fwp%2Fv2%2Fmedia&parent=89005"}],"wp:term":[{"taxonomy":"category","embeddable":true,"href":"https:\/\/zonaroja.com.mx\/index.php?rest_route=%2Fwp%2Fv2%2Fcategories&post=89005"},{"taxonomy":"post_tag","embeddable":true,"href":"https:\/\/zonaroja.com.mx\/index.php?rest_route=%2Fwp%2Fv2%2Ftags&post=89005"}],"curies":[{"name":"wp","href":"https:\/\/api.w.org\/{rel}","templated":true}]}}