{"id":89010,"date":"2026-01-12T21:00:00","date_gmt":"2026-01-13T03:00:00","guid":{"rendered":"https:\/\/zonaroja.com.mx\/?p=89010"},"modified":"2026-01-12T20:27:13","modified_gmt":"2026-01-13T02:27:13","slug":"realizan-en-oaxaca-capital-primer-encuentro-de-regidores-de-desarrollo","status":"publish","type":"post","link":"https:\/\/zonaroja.com.mx\/?p=89010","title":{"rendered":"Realizan en Oaxaca capital Primer Encuentro de Regidores de Desarrollo"},"content":{"rendered":"\n<p>Redacci\u00f3n\/Zona Roja.<\/p>\n\n\n\n<p>Oaxaca, Oax., a 12 de enero de 2026.- Oaxaca de Ju\u00e1rez fue sede del Primer Encuentro de Regidores de Desarrollo Econ\u00f3mico y Turismo Conasyr Oaxaca, espacio que reuni\u00f3 a s\u00edndicas, s\u00edndicos, regidoras y regidores de distintos municipios del estado, con el objetivo de generar di\u00e1logo, compartir experiencias y fortalecer la coordinaci\u00f3n intermunicipal en materia de desarrollo econ\u00f3mico y tur\u00edstico.<\/p>\n\n\n\n<p>Durante el encuentro, encabezado por el presidente municipal Ray Chagoya, se llev\u00f3 a cabo la toma de protesta de las y los integrantes de la Coordinadora Estatal de S\u00edndicas, S\u00edndicos, Regidoras y Regidores de la Asociaci\u00f3n de Autoridades Locales de M\u00e9xico A.C. (AALMAC) en Oaxaca, reafirmando el compromiso de trabajo conjunto desde los gobiernos locales.<\/p>\n\n\n\n<p>En el pres\u00eddium participaron el diputado Javier Cacique Z\u00e1rate, presidente de la Comisi\u00f3n Permanente de Turismo del Honorable Congreso del Estado; la diputada Hayde\u00e9 Irma Reyes Soto, presidenta de la Comisi\u00f3n Permanente de Desarrollo Econ\u00f3mico del Honorable Congreso del Estado.<\/p>\n\n\n\n<p>Mariel L\u00f3pez Villatoro, subsecretaria de Operaci\u00f3n Tur\u00edstica de la Secretar\u00eda de Turismo del Estado de Oaxaca; Frida Yolanda Lyle Garc\u00eda, regidora de Prosperidad Compartida y Turismo; Karla Azucena D\u00edaz L\u00f3pez, presidenta de la Coordinadora Nacional de S\u00edndicos y Regidores y de la Asociaci\u00f3n de Autoridades Locales de M\u00e9xico; as\u00ed como Hermilo P\u00e9rez Cabrera, director nacional de la Asociaci\u00f3n de Autoridades Locales de M\u00e9xico A.C.<\/p>\n\n\n\n<p>En su mensaje, el edil destac\u00f3 que los municipios son el primer punto de contacto con la ciudadan\u00eda y que es desde el territorio donde se construyen las soluciones m\u00e1s s\u00f3lidas y cercanas.&nbsp;<\/p>\n\n\n\n<p>Subray\u00f3 que el desarrollo econ\u00f3mico y el turismo cobran verdadero sentido cuando se reflejan en mejores condiciones de vida, fortaleciendo la econom\u00eda local, cuidando el entorno y preservando el patrimonio hist\u00f3rico y cultural que da identidad a las ciudades.<\/p>\n\n\n\n<p>Ray Chagoya comparti\u00f3 que, desde Oaxaca de Ju\u00e1rez, se impulsa una visi\u00f3n de gobierno cercana, sustentada en la participaci\u00f3n ciudadana y el trabajo directo en las colonias y agencias municipales, a trav\u00e9s de programas como Tequios Vecinales, Latidos Vecinales, Di\u00e1logos Vecinales y Visitas Vecinales, acciones que contribuyen a una ciudad m\u00e1s ordenada, segura y con mayor cohesi\u00f3n social.<\/p>\n\n\n\n<p>El presidente municipal reconoci\u00f3 el respaldo del Gobierno del Estado y enfatiz\u00f3 la importancia del papel que desempe\u00f1an las y los concejales desde los cabildos, al ser quienes definen prioridades y acuerdos que inciden directamente en el bienestar, el desarrollo econ\u00f3mico y el turismo de cada municipio.<\/p>\n\n\n\n<p>Finalmente, reiter\u00f3 la disposici\u00f3n del Gobierno Municipal de Oaxaca de Ju\u00e1rez para seguir construyendo alianzas, fortalecer el di\u00e1logo entre municipios y avanzar hacia soluciones compartidas que respondan a las necesidades reales de las vecinas y vecinos.<\/p>\n","protected":false},"excerpt":{"rendered":"<p>Redacci\u00f3n\/Zona Roja. Oaxaca, Oax., a 12 de enero de 2026.- Oaxaca de Ju\u00e1rez fue sede&hellip;<\/p>\n","protected":false},"author":2,"featured_media":89011,"comment_status":"closed","ping_status":"open","sticky":false,"template":"","format":"standard","meta":{"_lmt_disableupdate":"","_lmt_disable":"","_jetpack_memberships_contains_paid_content":false,"footnotes":""},"categories":[109,46],"tags":[4403],"class_list":["post-89010","post","type-post","status-publish","format-standard","has-post-thumbnail","hentry","category-minuto-a-minuto","category-zona-blanca","tag-ray-chagoya"],"jetpack_featured_media_url":"https:\/\/zonaroja.com.mx\/wp-content\/uploads\/2026\/01\/Primer-encuentro-de-sindicos-y-regisores.jpg","jetpack_sharing_enabled":true,"_links":{"self":[{"href":"https:\/\/zonaroja.com.mx\/index.php?rest_route=\/wp\/v2\/posts\/89010","targetHints":{"allow":["GET"]}}],"collection":[{"href":"https:\/\/zonaroja.com.mx\/index.php?rest_route=\/wp\/v2\/posts"}],"about":[{"href":"https:\/\/zonaroja.com.mx\/index.php?rest_route=\/wp\/v2\/types\/post"}],"author":[{"embeddable":true,"href":"https:\/\/zonaroja.com.mx\/index.php?rest_route=\/wp\/v2\/users\/2"}],"replies":[{"embeddable":true,"href":"https:\/\/zonaroja.com.mx\/index.php?rest_route=%2Fwp%2Fv2%2Fcomments&post=89010"}],"version-history":[{"count":1,"href":"https:\/\/zonaroja.com.mx\/index.php?rest_route=\/wp\/v2\/posts\/89010\/revisions"}],"predecessor-version":[{"id":89012,"href":"https:\/\/zonaroja.com.mx\/index.php?rest_route=\/wp\/v2\/posts\/89010\/revisions\/89012"}],"wp:featuredmedia":[{"embeddable":true,"href":"https:\/\/zonaroja.com.mx\/index.php?rest_route=\/wp\/v2\/media\/89011"}],"wp:attachment":[{"href":"https:\/\/zonaroja.com.mx\/index.php?rest_route=%2Fwp%2Fv2%2Fmedia&parent=89010"}],"wp:term":[{"taxonomy":"category","embeddable":true,"href":"https:\/\/zonaroja.com.mx\/index.php?rest_route=%2Fwp%2Fv2%2Fcategories&post=89010"},{"taxonomy":"post_tag","embeddable":true,"href":"https:\/\/zonaroja.com.mx\/index.php?rest_route=%2Fwp%2Fv2%2Ftags&post=89010"}],"curies":[{"name":"wp","href":"https:\/\/api.w.org\/{rel}","templated":true}]}}