{"id":89013,"date":"2026-01-12T22:00:00","date_gmt":"2026-01-13T04:00:00","guid":{"rendered":"https:\/\/zonaroja.com.mx\/?p=89013"},"modified":"2026-01-12T20:30:17","modified_gmt":"2026-01-13T02:30:17","slug":"que-tan-deprimido-inicio-el-ano-nuevo-el-ano-pasado-hubo-2627-casos","status":"publish","type":"post","link":"https:\/\/zonaroja.com.mx\/?p=89013","title":{"rendered":"\u00bfQu\u00e9 tan deprimido inici\u00f3 el a\u00f1o nuevo? El a\u00f1o pasado hubo 2,627 casos"},"content":{"rendered":"\n<p>Redacci\u00f3n\/Zona Roja.<\/p>\n\n\n\n<p>Oaxaca, Oax., a 12 de enero de 2026.- En el marco del D\u00eda Mundial de la Lucha contra la Depresi\u00f3n, que se conmemora cada 13 de enero, la dependencia Servicios de Salud de Oaxaca (SSO) hace un llamado a la poblaci\u00f3n para visibilizar este padecimiento, romper el estigma y promover la b\u00fasqueda de ayuda profesional.<\/p>\n\n\n\n<p>Al corte de la semana epidemiol\u00f3gica n\u00famero 51 de 2025, en Oaxaca se contabilizaron dos mil 627 casos de depresi\u00f3n, que representa un incremento del 10.2 por ciento en comparaci\u00f3n con el mismo periodo del 2024, cuando se reportaron dos mil 383 casos.&nbsp;<\/p>\n\n\n\n<p>Esta tendencia al alza subraya la urgencia de fortalecer la prevenci\u00f3n, diagn\u00f3stico oportuno y acompa\u00f1amiento integral. Del total de casos registrados en 2025, mil 618 corresponden a mujeres y mil nueve a hombres.<\/p>\n\n\n\n<p>En este contexto, SSO recuerda a la poblaci\u00f3n que est\u00e1 disponible la L\u00ednea de la Vida 800 911 2000, un servicio gratuito, confidencial y activo las 24 horas que brinda orientaci\u00f3n y atenci\u00f3n personalizada en temas de salud mental y consumo de sustancias.&nbsp;<\/p>\n\n\n\n<p>Aunado a ello, el sector salud cuenta con personal especializado en psicolog\u00eda, capacitado para evaluar, diagnosticar y tratar trastornos mentales; adem\u00e1s, brinda apoyo emocional y trabaja de manera multidisciplinaria con otros profesionales desde la prevenci\u00f3n en atenci\u00f3n primaria hasta la intervenci\u00f3n especializada en hospitales.<\/p>\n\n\n\n<p>En caso de presentar s\u00edntomas de depresi\u00f3n, es fundamental acudir con un especialista para recibir un diagn\u00f3stico oportuno y tratamiento adecuado.<\/p>\n","protected":false},"excerpt":{"rendered":"<p>Redacci\u00f3n\/Zona Roja. Oaxaca, Oax., a 12 de enero de 2026.- En el marco del D\u00eda&hellip;<\/p>\n","protected":false},"author":2,"featured_media":89014,"comment_status":"closed","ping_status":"open","sticky":false,"template":"","format":"standard","meta":{"_lmt_disableupdate":"","_lmt_disable":"","_jetpack_memberships_contains_paid_content":false,"footnotes":""},"categories":[109,47],"tags":[4626],"class_list":["post-89013","post","type-post","status-publish","format-standard","has-post-thumbnail","hentry","category-minuto-a-minuto","category-zona-gris","tag-depresion-en-oaxaca"],"jetpack_featured_media_url":"https:\/\/zonaroja.com.mx\/wp-content\/uploads\/2026\/01\/Depresion-suicidio.jpeg","jetpack_sharing_enabled":true,"_links":{"self":[{"href":"https:\/\/zonaroja.com.mx\/index.php?rest_route=\/wp\/v2\/posts\/89013","targetHints":{"allow":["GET"]}}],"collection":[{"href":"https:\/\/zonaroja.com.mx\/index.php?rest_route=\/wp\/v2\/posts"}],"about":[{"href":"https:\/\/zonaroja.com.mx\/index.php?rest_route=\/wp\/v2\/types\/post"}],"author":[{"embeddable":true,"href":"https:\/\/zonaroja.com.mx\/index.php?rest_route=\/wp\/v2\/users\/2"}],"replies":[{"embeddable":true,"href":"https:\/\/zonaroja.com.mx\/index.php?rest_route=%2Fwp%2Fv2%2Fcomments&post=89013"}],"version-history":[{"count":1,"href":"https:\/\/zonaroja.com.mx\/index.php?rest_route=\/wp\/v2\/posts\/89013\/revisions"}],"predecessor-version":[{"id":89015,"href":"https:\/\/zonaroja.com.mx\/index.php?rest_route=\/wp\/v2\/posts\/89013\/revisions\/89015"}],"wp:featuredmedia":[{"embeddable":true,"href":"https:\/\/zonaroja.com.mx\/index.php?rest_route=\/wp\/v2\/media\/89014"}],"wp:attachment":[{"href":"https:\/\/zonaroja.com.mx\/index.php?rest_route=%2Fwp%2Fv2%2Fmedia&parent=89013"}],"wp:term":[{"taxonomy":"category","embeddable":true,"href":"https:\/\/zonaroja.com.mx\/index.php?rest_route=%2Fwp%2Fv2%2Fcategories&post=89013"},{"taxonomy":"post_tag","embeddable":true,"href":"https:\/\/zonaroja.com.mx\/index.php?rest_route=%2Fwp%2Fv2%2Ftags&post=89013"}],"curies":[{"name":"wp","href":"https:\/\/api.w.org\/{rel}","templated":true}]}}