{"id":89016,"date":"2026-01-13T07:13:00","date_gmt":"2026-01-13T13:13:00","guid":{"rendered":"https:\/\/zonaroja.com.mx\/?p=89016"},"modified":"2026-01-13T06:26:04","modified_gmt":"2026-01-13T12:26:04","slug":"confirman-detencion-de-presidente-municipal-en-oaxaca-por-homicidio","status":"publish","type":"post","link":"https:\/\/zonaroja.com.mx\/?p=89016","title":{"rendered":"Confirman detenci\u00f3n de presidente municipal en Oaxaca, por homicidio"},"content":{"rendered":"\n<p>Redacci\u00f3n\/Zona Roja.&nbsp;<\/p>\n\n\n\n<p>Oaxaca, Oax., a 13 de enero de 2026.- La Fiscal\u00eda General del Estado de Oaxaca (FGEO) confirm\u00f3 que dio cumplimiento a una orden de aprehensi\u00f3n en contra del presidente municipal de Constancia del Rosario, por el delito de homicidio.<\/p>\n\n\n\n<p>A trav\u00e9s de un comunicado, inform\u00f3 que dio cumplimiento a una orden de aprehensi\u00f3n derivada de la carpeta de investigaci\u00f3n 17838\/FMIX\/PUTLA\/2022, para realizar la detenci\u00f3n legal de una persona del sexo masculino identificada como I.M.S. (Ignacio), por el delito de Homicidio Calificado con Alevos\u00eda y Ventaja, cometido en la regi\u00f3n de la Mixteca.<\/p>\n\n\n\n<p>De acuerdo con los trabajos ministeriales, los hechos que se imputan sucedieron el 21 de mayo de 2022, cuando la v\u00edctima -un hombre identificado como E.C.M. (Emmanuel)- se desplazaba a bordo de su veh\u00edculo, sobre la carretera federal \u201cAlfonso Gasga\u201d, Pinotepa-Putla.<\/p>\n\n\n\n<p>La investigaci\u00f3n revela que, a la altura de la comunidad San Marcos Coyulito, Putla Villa de Guerrero, los atacantes que viajaban a bordo de una motocicleta agredieron a la v\u00edctima con disparos de arma de fuego, infligiendo lesiones por las que Emmanuel C.M. perdi\u00f3 la vida.<\/p>\n\n\n\n<p>La Fiscal\u00eda de Oaxaca tom\u00f3 conocimiento del caso, a trav\u00e9s de la Vicefiscal\u00eda Regional de la Mixteca, logrando obtener los datos de prueba suficientes gracias a los que un Juez de Control emiti\u00f3 una orden de aprehensi\u00f3n en contra de I.M.S., quien fue detenido por elementos de la Agencia Estatal de Investigaciones (AEI).<\/p>\n\n\n\n<p>Tras la captura del imputado, este qued\u00f3 a disposici\u00f3n del Ministerio P\u00fablico para determinar su situaci\u00f3n jur\u00eddica, adem\u00e1s se estableci\u00f3 que I.M.S. es presidente municipal de Constancia del Rosario.<\/p>\n\n\n\n<p>De acuerdo con fuentes extraoficiales, el edil fue detenido cuando sal\u00eda del Centro de Convenciones de Oaxaca, en Santa Luc\u00eda del Camino, donde acudi\u00f3 a acreditarse para obtener su credencial, para fungir en el periodo 2026-2028.<\/p>\n","protected":false},"excerpt":{"rendered":"<p>Redacci\u00f3n\/Zona Roja.&nbsp; Oaxaca, Oax., a 13 de enero de 2026.- La Fiscal\u00eda General del Estado&hellip;<\/p>\n","protected":false},"author":2,"featured_media":89017,"comment_status":"closed","ping_status":"open","sticky":false,"template":"","format":"standard","meta":{"_lmt_disableupdate":"","_lmt_disable":"","_jetpack_memberships_contains_paid_content":false,"footnotes":""},"categories":[109,47],"tags":[494,4627],"class_list":["post-89016","post","type-post","status-publish","format-standard","has-post-thumbnail","hentry","category-minuto-a-minuto","category-zona-gris","tag-fiscalia-general-del-estado-de-oaxaca","tag-ignacio-m-s-constancia-del-rosario"],"jetpack_featured_media_url":"https:\/\/zonaroja.com.mx\/wp-content\/uploads\/2026\/01\/Ignacio-M-S-edil-Constancia-del-Rosario.jpg","jetpack_sharing_enabled":true,"_links":{"self":[{"href":"https:\/\/zonaroja.com.mx\/index.php?rest_route=\/wp\/v2\/posts\/89016","targetHints":{"allow":["GET"]}}],"collection":[{"href":"https:\/\/zonaroja.com.mx\/index.php?rest_route=\/wp\/v2\/posts"}],"about":[{"href":"https:\/\/zonaroja.com.mx\/index.php?rest_route=\/wp\/v2\/types\/post"}],"author":[{"embeddable":true,"href":"https:\/\/zonaroja.com.mx\/index.php?rest_route=\/wp\/v2\/users\/2"}],"replies":[{"embeddable":true,"href":"https:\/\/zonaroja.com.mx\/index.php?rest_route=%2Fwp%2Fv2%2Fcomments&post=89016"}],"version-history":[{"count":1,"href":"https:\/\/zonaroja.com.mx\/index.php?rest_route=\/wp\/v2\/posts\/89016\/revisions"}],"predecessor-version":[{"id":89018,"href":"https:\/\/zonaroja.com.mx\/index.php?rest_route=\/wp\/v2\/posts\/89016\/revisions\/89018"}],"wp:featuredmedia":[{"embeddable":true,"href":"https:\/\/zonaroja.com.mx\/index.php?rest_route=\/wp\/v2\/media\/89017"}],"wp:attachment":[{"href":"https:\/\/zonaroja.com.mx\/index.php?rest_route=%2Fwp%2Fv2%2Fmedia&parent=89016"}],"wp:term":[{"taxonomy":"category","embeddable":true,"href":"https:\/\/zonaroja.com.mx\/index.php?rest_route=%2Fwp%2Fv2%2Fcategories&post=89016"},{"taxonomy":"post_tag","embeddable":true,"href":"https:\/\/zonaroja.com.mx\/index.php?rest_route=%2Fwp%2Fv2%2Ftags&post=89016"}],"curies":[{"name":"wp","href":"https:\/\/api.w.org\/{rel}","templated":true}]}}