{"id":89022,"date":"2026-01-13T08:30:00","date_gmt":"2026-01-13T14:30:00","guid":{"rendered":"https:\/\/zonaroja.com.mx\/?p=89022"},"modified":"2026-01-13T07:04:59","modified_gmt":"2026-01-13T13:04:59","slug":"inician-protesta-en-la-universidad-tecnologica-de-valles-centrales","status":"publish","type":"post","link":"https:\/\/zonaroja.com.mx\/?p=89022","title":{"rendered":"Inician protesta en la Universidad Tecnol\u00f3gica de Valles Centrales"},"content":{"rendered":"\n<p>Raymundo Morales\/Zona Roja.<\/p>\n\n\n\n<p>Oaxaca, Oax., a 13 de enero de 2026.- Debido a que hasta la fecha no les han pagado el retroactivo del incremento salarial y otras prestaciones, trabajadores de la Universidad Tecnol\u00f3gica de los Valles Centrales de Oaxaca (UTVCO) laborar\u00e1n bajo protesta a partir de hoy.<\/p>\n\n\n\n<p>En un comunicado, detallaron que a 12 d\u00edas de haber iniciado el a\u00f1o, no se ha realizado el pago del retroactivo del incremento salarial correspondiente al ejercicio 2025, el cual debe ser aplicado a sueldos, aguinaldo, vacaciones y prima vacacional del a\u00f1o 2025.<\/p>\n\n\n\n<p>\u201cResulta inaceptable que, hasta este momento, las autoridades de la Universidad no cuenten con una fecha definida para el pago, situaci\u00f3n que genera incertidumbre, afectaciones econ\u00f3micas directas y un perjuicio<\/p>\n\n\n\n<p>grave a las familias\u201d, expusieron.<\/p>\n\n\n\n<p>Por lo cual exigieron el pago a la brevedad de dichas prestaciones pendientes, as\u00ed como respeto a sus derechos laborales, que no es un privilegio sino obligaci\u00f3n de las autoridades.<\/p>\n\n\n\n<p>\u201cHacemos un llamado urgente para que esta situaci\u00f3n sea atendida de manera inmediata y responsable. Seguiremos informando oportunamente a la comunidad universitaria sobre las acciones que se deriven del presente comunicado\u201d, detallaron.<\/p>\n\n\n\n<p>Desde el actual sexenio la Universidad Tecnol\u00f3gica ha tenido una ca\u00edda en la calidad de su ense\u00f1anza, debido a m\u00faltiples problemas laborales, administrativos y financieros.<\/p>\n\n\n\n<p>Actualmente el rector de la instituci\u00f3n que se ubica en el municipio de San Pablo Huixtepec, en la regi\u00f3n Valles Centrales, es Sa\u00fal del Toro Sapien.<\/p>\n","protected":false},"excerpt":{"rendered":"<p>Raymundo Morales\/Zona Roja. Oaxaca, Oax., a 13 de enero de 2026.- Debido a que hasta&hellip;<\/p>\n","protected":false},"author":2,"featured_media":74792,"comment_status":"closed","ping_status":"open","sticky":false,"template":"","format":"standard","meta":{"_lmt_disableupdate":"","_lmt_disable":"","_jetpack_memberships_contains_paid_content":false,"footnotes":""},"categories":[109,47],"tags":[3663],"class_list":["post-89022","post","type-post","status-publish","format-standard","has-post-thumbnail","hentry","category-minuto-a-minuto","category-zona-gris","tag-universidad-tecnologica-de-los-valles-centrales-utvco"],"jetpack_featured_media_url":"https:\/\/zonaroja.com.mx\/wp-content\/uploads\/2024\/11\/img_3245-1.jpg","jetpack_sharing_enabled":true,"_links":{"self":[{"href":"https:\/\/zonaroja.com.mx\/index.php?rest_route=\/wp\/v2\/posts\/89022","targetHints":{"allow":["GET"]}}],"collection":[{"href":"https:\/\/zonaroja.com.mx\/index.php?rest_route=\/wp\/v2\/posts"}],"about":[{"href":"https:\/\/zonaroja.com.mx\/index.php?rest_route=\/wp\/v2\/types\/post"}],"author":[{"embeddable":true,"href":"https:\/\/zonaroja.com.mx\/index.php?rest_route=\/wp\/v2\/users\/2"}],"replies":[{"embeddable":true,"href":"https:\/\/zonaroja.com.mx\/index.php?rest_route=%2Fwp%2Fv2%2Fcomments&post=89022"}],"version-history":[{"count":1,"href":"https:\/\/zonaroja.com.mx\/index.php?rest_route=\/wp\/v2\/posts\/89022\/revisions"}],"predecessor-version":[{"id":89023,"href":"https:\/\/zonaroja.com.mx\/index.php?rest_route=\/wp\/v2\/posts\/89022\/revisions\/89023"}],"wp:featuredmedia":[{"embeddable":true,"href":"https:\/\/zonaroja.com.mx\/index.php?rest_route=\/wp\/v2\/media\/74792"}],"wp:attachment":[{"href":"https:\/\/zonaroja.com.mx\/index.php?rest_route=%2Fwp%2Fv2%2Fmedia&parent=89022"}],"wp:term":[{"taxonomy":"category","embeddable":true,"href":"https:\/\/zonaroja.com.mx\/index.php?rest_route=%2Fwp%2Fv2%2Fcategories&post=89022"},{"taxonomy":"post_tag","embeddable":true,"href":"https:\/\/zonaroja.com.mx\/index.php?rest_route=%2Fwp%2Fv2%2Ftags&post=89022"}],"curies":[{"name":"wp","href":"https:\/\/api.w.org\/{rel}","templated":true}]}}